{"id":4663,"date":"2015-12-02T22:14:02","date_gmt":"2015-12-02T22:14:02","guid":{"rendered":"https:\/\/blog.mindthegraph.com\/?p=4663"},"modified":"2023-01-05T15:56:07","modified_gmt":"2023-01-05T18:56:07","slug":"what-makes-a-good-infographic-organization","status":"publish","type":"post","link":"https:\/\/mindthegraph.com\/blog\/tr\/iyi-infografik-organizasyonu-ne-olusturur\/","title":{"rendered":"\u0130yi bir infografik ORGAN\u0130ZASYONU ne yapar?"},"content":{"rendered":"<p>\u0130nfografikler, hikayeyle tam anlam\u0131yla \"konu\u015fan\" bir organizasyon kullanmal\u0131d\u0131r. \u0130nfografi\u011fi nas\u0131l faydal\u0131 bir \u015fekilde d\u00fczenleyece\u011finizi se\u00e7erken amac\u0131n\u0131z\u0131 akl\u0131n\u0131zda tutun. Esasen bir infografik, bilgiyi ho\u015f ve g\u00f6rsel olarak \u00e7ekici bir \u015fekilde organize etti\u011fi \u00f6l\u00e7\u00fcde faydal\u0131d\u0131r.<\/p>\n<p>\u0130nfografi\u011fi d\u00fczenlerken belirli bir hiyerar\u015fiyi ak\u0131lda tutmak \u00f6nemlidir. Daha \u00f6nemli olan \u015feyler vurgulanmal\u0131 ve dolay\u0131s\u0131yla daha fazla dikkat \u00e7ekmelidir.<\/p>\n<p>En yayg\u0131n organizasyon \u00e7er\u00e7eveleri \u015funlard\u0131r: tablolar, \u015femalar, fluxogramas, organogramas ve zaman \u00e7izelgeleri. Duruma ba\u011fl\u0131 olarak her biri az ya da \u00e7ok uygundur. Amac\u0131n\u0131z basit ve ak\u0131c\u0131 bir okuma deneyimi yaratmakt\u0131r.<\/p>\n<p><a href=\"https:\/\/mindthegraph.com\/\"><img decoding=\"async\" loading=\"lazy\" class=\"aligncenter wp-image-4687 size-full\" src=\"https:\/\/blog.mindthegraph.com\/wp-content\/uploads\/2015\/12\/01b.jpg\" alt=\"01b\" width=\"500\" height=\"350\" \/><\/a><\/p>\n<p>Bilgilerinizin niteli\u011fine ba\u011fl\u0131 olarak, daha \"anlat\u0131sal\" veya \"ke\u015fifsel\" bir organizasyona karar verebilirsiniz. A\u015fa\u011f\u0131da her birinin \u00f6zelliklerini ve farkl\u0131 veri organizasyonu t\u00fcrlerinin ne zaman kullan\u0131laca\u011f\u0131n\u0131 okuyun.<a href=\"https:\/\/mindthegraph.com\/\"><img decoding=\"async\" loading=\"lazy\" class=\"aligncenter wp-image-5739 size-medium\" src=\"https:\/\/blog.mindthegraph.com\/wp-content\/uploads\/2016\/03\/untitled-creation63724-2-300x120.png\" alt=\"infografik\" width=\"300\" height=\"120\" srcset=\"https:\/\/mindthegraph.com\/blog\/wp-content\/uploads\/2016\/03\/untitled-creation63724-2-300x120.png 300w, https:\/\/mindthegraph.com\/blog\/wp-content\/uploads\/2016\/03\/untitled-creation63724-2-1024x410.png 1024w, https:\/\/mindthegraph.com\/blog\/wp-content\/uploads\/2016\/03\/untitled-creation63724-2.png 1500w\" sizes=\"(max-width: 300px) 100vw, 300px\" \/><\/a><\/p>\n<p><strong>Ke\u015fifsel:<\/strong>\u00a0\u0130nfografik i\u00e7in belirli bir okuma s\u0131ras\u0131na ihtiya\u00e7 duyulmad\u0131\u011f\u0131nda. Veriler d\u00fczenlenmi\u015ftir, ancak verilerden alternatif perspektifler ve sonu\u00e7lar \u00e7\u0131kar\u0131labilir. Okuyucu, kendi bak\u0131\u015f a\u00e7\u0131s\u0131n\u0131 getirerek grafik veya tablolardaki verileri ke\u015ffedebilir ve kar\u015f\u0131la\u015ft\u0131rabilir. Ke\u015ffedici infografikler genellikle veri g\u00f6rselle\u015ftirme ile ili\u015fkilendirilir<\/p>\n<p><a href=\"https:\/\/mindthegraph.com\/\"><img decoding=\"async\" loading=\"lazy\" class=\"aligncenter wp-image-4693 size-full\" src=\"https:\/\/blog.mindthegraph.com\/wp-content\/uploads\/2015\/12\/2b.jpg\" alt=\"2b\" width=\"500\" height=\"200\" srcset=\"https:\/\/mindthegraph.com\/blog\/wp-content\/uploads\/2015\/12\/2b.jpg 500w, https:\/\/mindthegraph.com\/blog\/wp-content\/uploads\/2015\/12\/2b-300x120.jpg 300w\" sizes=\"(max-width: 500px) 100vw, 500px\" \/><\/a><\/p>\n<p><strong>Anlat\u0131<\/strong>: Bilgileri y\u00f6nlendirilmi\u015f bir okuma s\u0131ras\u0131na g\u00f6re d\u00fczenledi\u011finizde. Okuyucuya infografik boyunca tam anlam\u0131yla rehberlik eder ve konuyla ilgili bak\u0131\u015f a\u00e7\u0131n\u0131z\u0131 i\u00e7eren bir a\u00e7\u0131klama\/sonu\u00e7 sunars\u0131n\u0131z.<\/p>\n<p><a href=\"https:\/\/blog.mindthegraph.com\"><img decoding=\"async\" loading=\"lazy\" class=\"aligncenter wp-image-4692 size-full\" src=\"https:\/\/blog.mindthegraph.com\/wp-content\/uploads\/2015\/12\/2a.jpg\" alt=\"2a\" width=\"500\" height=\"200\" srcset=\"https:\/\/mindthegraph.com\/blog\/wp-content\/uploads\/2015\/12\/2a.jpg 500w, https:\/\/mindthegraph.com\/blog\/wp-content\/uploads\/2015\/12\/2a-300x120.jpg 300w\" sizes=\"(max-width: 500px) 100vw, 500px\" \/><\/a><\/p>\n<p><strong>\u0130pucu:<\/strong>\u00a0anlat\u0131, \u00f6rne\u011fin bir dizi say\u0131 veya okla g\u00f6sterildi\u011finde tamamen belirgin hale gelir.<\/p>\n<p>\u00d6zetlemek gerekirse, bir infografik olu\u015fturmak i\u00e7in g\u00fcvenilir verilere sahip olman\u0131z gerekir. Bilgi kayna\u011f\u0131 ve verinin kendisi infografi\u011finiz i\u00e7in iki ana g\u00fcvenilirlik noktas\u0131d\u0131r. Daha sonra sunumun metin mi, g\u00f6rsel metafor mu yoksa grafik mi olaca\u011f\u0131na karar vereceksiniz. Veri g\u00f6rselle\u015ftirmeyi bu yaz\u0131 dizisinin [yak\u0131nda] \u00f6zel bir ba\u015fl\u0131\u011f\u0131nda ele alaca\u011f\u0131z, ancak a\u015fa\u011f\u0131da farkl\u0131 kurulu\u015flarda sunulan ayn\u0131 infografi\u011fin ilgin\u00e7 bir \u00f6rne\u011fine bak\u0131n. Ayr\u0131ca \u015f\u00f6yle de diyebilirsiniz <em>d\u00fczen<\/em>E\u011fer istersen.<\/p>\n<p><strong>\u00d6rnekte nas\u0131l \u00e7al\u0131\u015ft\u0131\u011f\u0131n\u0131 g\u00f6r\u00fcn<\/strong><\/p>\n<p><a href=\"https:\/\/www.mindthegraph.com\/\"><img decoding=\"async\" loading=\"lazy\" class=\"aligncenter wp-image-4696 size-large\" src=\"https:\/\/mindthegraph.com\/blog\/wp-content\/uploads\/2015\/12\/2e-1024x582.jpg\" alt=\"2e\" width=\"800\" height=\"455\" srcset=\"https:\/\/mindthegraph.com\/blog\/wp-content\/uploads\/2015\/12\/2e-1024x582.jpg 1024w, https:\/\/mindthegraph.com\/blog\/wp-content\/uploads\/2015\/12\/2e-300x170.jpg 300w, https:\/\/mindthegraph.com\/blog\/wp-content\/uploads\/2015\/12\/2e.jpg 1042w\" sizes=\"(max-width: 800px) 100vw, 800px\" \/><\/a><\/p>\n<p><a href=\"https:\/\/mindthegraph.com\/\"><img decoding=\"async\" loading=\"lazy\" class=\"aligncenter wp-image-4694 size-large\" src=\"https:\/\/blog.mindthegraph.com\/wp-content\/uploads\/2015\/12\/2c-1024x604.jpg\" alt=\"2c\" width=\"640\" height=\"378\" srcset=\"https:\/\/mindthegraph.com\/blog\/wp-content\/uploads\/2015\/12\/2c-1024x604.jpg 1024w, https:\/\/mindthegraph.com\/blog\/wp-content\/uploads\/2015\/12\/2c-300x177.jpg 300w, https:\/\/mindthegraph.com\/blog\/wp-content\/uploads\/2015\/12\/2c.jpg 1042w\" sizes=\"(max-width: 640px) 100vw, 640px\" \/><\/a><\/p>\n<p><a href=\"https:\/\/mindthegraph.com\/\"><img decoding=\"async\" loading=\"lazy\" class=\"aligncenter wp-image-4695 size-large\" src=\"https:\/\/blog.mindthegraph.com\/wp-content\/uploads\/2015\/12\/2d-1024x582.jpg\" alt=\"2d\" width=\"640\" height=\"364\" srcset=\"https:\/\/mindthegraph.com\/blog\/wp-content\/uploads\/2015\/12\/2d-1024x582.jpg 1024w, https:\/\/mindthegraph.com\/blog\/wp-content\/uploads\/2015\/12\/2d-300x170.jpg 300w, https:\/\/mindthegraph.com\/blog\/wp-content\/uploads\/2015\/12\/2d.jpg 1042w\" sizes=\"(max-width: 640px) 100vw, 640px\" \/><\/a><\/p>\n<p>\u015eimdi s\u0131ra sizde. Bunlardan hangisini ke\u015fifsel ya da anlat\u0131sal olarak de\u011ferlendirirsiniz?<\/p>\n<p><strong>\u00d6nemli<\/strong>: \u0130nfografi\u011finizin organizasyonunu olu\u015fturmak i\u00e7in herhangi bir \u00f6zel tasar\u0131m yaz\u0131l\u0131m\u0131na ihtiyac\u0131n\u0131z yok. Kalem ve ka\u011f\u0131t i\u015finizi g\u00f6r\u00fcr. Asl\u0131nda, bilgisayar\u0131n ba\u015f\u0131na oturmadan \u00f6nce h\u0131zl\u0131 taslaklar olu\u015fturman\u0131z\u0131 ve farkl\u0131 organizasyonlar\u0131 ke\u015ffetmenizi \u00f6neririz.<\/p>","protected":false},"excerpt":{"rendered":"<p>\u0130nfografikler, hikayeyle tam anlam\u0131yla \"konu\u015fan\" bir organizasyon kullanmal\u0131d\u0131r. \u0130nfografi\u011fi nas\u0131l faydal\u0131 bir \u015fekilde d\u00fczenleyece\u011finizi se\u00e7erken amac\u0131n\u0131z\u0131 akl\u0131n\u0131zda tutun. Esasen bir infografik, bilgiyi ho\u015f ve g\u00f6rsel olarak \u00e7ekici bir \u015fekilde organize etti\u011fi \u00f6l\u00e7\u00fcde faydal\u0131d\u0131r. \u0130nfografi\u011fi d\u00fczenlerken belirli bir hiyerar\u015fiyi ak\u0131lda tutmak \u00f6nemlidir. [...]<\/p>","protected":false},"author":4,"featured_media":5198,"comment_status":"open","ping_status":"open","sticky":false,"template":"","format":"image","meta":[],"categories":[38],"tags":[138,51,148,147,142,151,149,150,137,68,962],"yoast_head":"<!-- This site is optimized with the Yoast SEO plugin v19.9 - https:\/\/yoast.com\/wordpress\/plugins\/seo\/ -->\n<title>What makes a good infographic ORGANIZATION? - Mind the Graph Blog<\/title>\n<meta name=\"description\" content=\"What makes a good infographic organization? The layout must delineate a reading flow that helps the story to be told.\" \/>\n<meta name=\"robots\" content=\"index, follow, max-snippet:-1, max-image-preview:large, max-video-preview:-1\" \/>\n<link rel=\"canonical\" href=\"https:\/\/mindthegraph.com\/blog\/tr\/hva-skaper-en-god-infografisk-organisasjon\/\" \/>\n<meta property=\"og:locale\" content=\"tr_TR\" \/>\n<meta property=\"og:type\" content=\"article\" \/>\n<meta property=\"og:title\" content=\"What makes a good infographics LAYOUT?\" \/>\n<meta property=\"og:description\" content=\"Know this tip and more in the Chapter 1 of The Ultimate Guide to Scientific Infographics by Mind the Graph\" \/>\n<meta property=\"og:url\" content=\"https:\/\/mindthegraph.com\/blog\/tr\/hva-skaper-en-god-infografisk-organisasjon\/\" \/>\n<meta property=\"og:site_name\" content=\"Mind the Graph Blog\" \/>\n<meta property=\"article:published_time\" content=\"2015-12-02T22:14:02+00:00\" \/>\n<meta property=\"article:modified_time\" content=\"2023-01-05T18:56:07+00:00\" \/>\n<meta property=\"og:image\" content=\"https:\/\/mindthegraph.com\/blog\/wp-content\/uploads\/2015\/12\/preview-6576345564.jpg\" \/>\n\t<meta property=\"og:image:width\" content=\"614\" \/>\n\t<meta property=\"og:image:height\" content=\"325\" \/>\n\t<meta property=\"og:image:type\" content=\"image\/jpeg\" \/>\n<meta name=\"author\" content=\"Fabricio Pamplona\" \/>\n<meta name=\"twitter:card\" content=\"summary_large_image\" \/>\n<meta name=\"twitter:title\" content=\"What makes a good infographics LAYOUT?\" \/>\n<meta name=\"twitter:description\" content=\"Know this tip and more in the Chapter 1 of The Ultimate Guide to Scientific Infographics by Mind the Graph\" \/>\n<meta name=\"twitter:label1\" content=\"Written by\" \/>\n\t<meta name=\"twitter:data1\" content=\"Fabricio Pamplona\" \/>\n\t<meta name=\"twitter:label2\" content=\"Est. reading time\" \/>\n\t<meta name=\"twitter:data2\" content=\"4 minutes\" \/>\n<!-- \/ Yoast SEO plugin. -->","yoast_head_json":{"title":"What makes a good infographic ORGANIZATION? - Mind the Graph Blog","description":"What makes a good infographic organization? The layout must delineate a reading flow that helps the story to be told.","robots":{"index":"index","follow":"follow","max-snippet":"max-snippet:-1","max-image-preview":"max-image-preview:large","max-video-preview":"max-video-preview:-1"},"canonical":"https:\/\/mindthegraph.com\/blog\/tr\/hva-skaper-en-god-infografisk-organisasjon\/","og_locale":"tr_TR","og_type":"article","og_title":"What makes a good infographics LAYOUT?","og_description":"Know this tip and more in the Chapter 1 of The Ultimate Guide to Scientific Infographics by Mind the Graph","og_url":"https:\/\/mindthegraph.com\/blog\/tr\/hva-skaper-en-god-infografisk-organisasjon\/","og_site_name":"Mind the Graph Blog","article_published_time":"2015-12-02T22:14:02+00:00","article_modified_time":"2023-01-05T18:56:07+00:00","og_image":[{"width":614,"height":325,"url":"https:\/\/mindthegraph.com\/blog\/wp-content\/uploads\/2015\/12\/preview-6576345564.jpg","type":"image\/jpeg"}],"author":"Fabricio Pamplona","twitter_card":"summary_large_image","twitter_title":"What makes a good infographics LAYOUT?","twitter_description":"Know this tip and more in the Chapter 1 of The Ultimate Guide to Scientific Infographics by Mind the Graph","twitter_misc":{"Written by":"Fabricio Pamplona","Est. reading time":"4 minutes"},"schema":{"@context":"https:\/\/schema.org","@graph":[{"@type":"WebPage","@id":"https:\/\/mindthegraph.com\/blog\/nb\/hva-skaper-en-god-infografisk-organisasjon\/","url":"https:\/\/mindthegraph.com\/blog\/nb\/hva-skaper-en-god-infografisk-organisasjon\/","name":"What makes a good infographic ORGANIZATION? - Mind the Graph Blog","isPartOf":{"@id":"https:\/\/mindthegraph.com\/blog\/#website"},"datePublished":"2015-12-02T22:14:02+00:00","dateModified":"2023-01-05T18:56:07+00:00","author":{"@id":"https:\/\/mindthegraph.com\/blog\/#\/schema\/person\/c8eaee6d8007ac319523c3ddc98cedd3"},"description":"What makes a good infographic organization? The layout must delineate a reading flow that helps the story to be told.","breadcrumb":{"@id":"https:\/\/mindthegraph.com\/blog\/nb\/hva-skaper-en-god-infografisk-organisasjon\/#breadcrumb"},"inLanguage":"tr-TR","potentialAction":[{"@type":"ReadAction","target":["https:\/\/mindthegraph.com\/blog\/nb\/hva-skaper-en-god-infografisk-organisasjon\/"]}]},{"@type":"BreadcrumbList","@id":"https:\/\/mindthegraph.com\/blog\/nb\/hva-skaper-en-god-infografisk-organisasjon\/#breadcrumb","itemListElement":[{"@type":"ListItem","position":1,"name":"Home","item":"https:\/\/mindthegraph.com\/blog\/"},{"@type":"ListItem","position":2,"name":"What makes a good infographic ORGANIZATION?"}]},{"@type":"WebSite","@id":"https:\/\/mindthegraph.com\/blog\/#website","url":"https:\/\/mindthegraph.com\/blog\/","name":"Mind the Graph Blog","description":"Your science can be beautiful!","potentialAction":[{"@type":"SearchAction","target":{"@type":"EntryPoint","urlTemplate":"https:\/\/mindthegraph.com\/blog\/?s={search_term_string}"},"query-input":"required name=search_term_string"}],"inLanguage":"tr-TR"},{"@type":"Person","@id":"https:\/\/mindthegraph.com\/blog\/#\/schema\/person\/c8eaee6d8007ac319523c3ddc98cedd3","name":"Fabricio Pamplona","image":{"@type":"ImageObject","inLanguage":"tr-TR","@id":"https:\/\/mindthegraph.com\/blog\/#\/schema\/person\/image\/","url":"https:\/\/secure.gravatar.com\/avatar\/da6985d9f20ecb24f3238df103a638ac?s=96&d=mm&r=g","contentUrl":"https:\/\/secure.gravatar.com\/avatar\/da6985d9f20ecb24f3238df103a638ac?s=96&d=mm&r=g","caption":"Fabricio Pamplona"},"description":"Fabricio Pamplona is the founder of Mind the Graph - a tool used by over 400K users in 60 countries. He has a Ph.D. and solid scientific background in Psychopharmacology and experience as a Guest Researcher at the Max Planck Institute of Psychiatry (Germany) and Researcher in D'Or Institute for Research and Education (IDOR, Brazil). Fabricio holds over 2500 citations in Google Scholar. He has 10 years of experience in small innovative businesses, with relevant experience in product design and innovation management. Connect with him on LinkedIn - Fabricio Pamplona.","sameAs":["http:\/\/mindthegraph.com","https:\/\/www.linkedin.com\/in\/fabriciopamplona"],"url":"https:\/\/mindthegraph.com\/blog\/tr\/author\/fabricio\/"}]}},"_links":{"self":[{"href":"https:\/\/mindthegraph.com\/blog\/tr\/wp-json\/wp\/v2\/posts\/4663"}],"collection":[{"href":"https:\/\/mindthegraph.com\/blog\/tr\/wp-json\/wp\/v2\/posts"}],"about":[{"href":"https:\/\/mindthegraph.com\/blog\/tr\/wp-json\/wp\/v2\/types\/post"}],"author":[{"embeddable":true,"href":"https:\/\/mindthegraph.com\/blog\/tr\/wp-json\/wp\/v2\/users\/4"}],"replies":[{"embeddable":true,"href":"https:\/\/mindthegraph.com\/blog\/tr\/wp-json\/wp\/v2\/comments?post=4663"}],"version-history":[{"count":5,"href":"https:\/\/mindthegraph.com\/blog\/tr\/wp-json\/wp\/v2\/posts\/4663\/revisions"}],"predecessor-version":[{"id":26075,"href":"https:\/\/mindthegraph.com\/blog\/tr\/wp-json\/wp\/v2\/posts\/4663\/revisions\/26075"}],"wp:featuredmedia":[{"embeddable":true,"href":"https:\/\/mindthegraph.com\/blog\/tr\/wp-json\/wp\/v2\/media\/5198"}],"wp:attachment":[{"href":"https:\/\/mindthegraph.com\/blog\/tr\/wp-json\/wp\/v2\/media?parent=4663"}],"wp:term":[{"taxonomy":"category","embeddable":true,"href":"https:\/\/mindthegraph.com\/blog\/tr\/wp-json\/wp\/v2\/categories?post=4663"},{"taxonomy":"post_tag","embeddable":true,"href":"https:\/\/mindthegraph.com\/blog\/tr\/wp-json\/wp\/v2\/tags?post=4663"}],"curies":[{"name":"wp","href":"https:\/\/api.w.org\/{rel}","templated":true}]}}