{"id":10232,"date":"2019-08-16T16:14:45","date_gmt":"2019-08-16T19:14:45","guid":{"rendered":"https:\/\/blog.mindthegraph.com\/?p=10232"},"modified":"2022-10-18T08:30:15","modified_gmt":"2022-10-18T11:30:15","slug":"23-scientific-illustrations-week","status":"publish","type":"post","link":"https:\/\/mindthegraph.com\/blog\/tr\/23-bilimsel-illustrasyonlar-haftasi\/","title":{"rendered":"#23 Haftan\u0131n bilimsel ill\u00fcstrasyonlar\u0131: Sak\u0131n ka\u00e7\u0131rmay\u0131n!"},"content":{"rendered":"<p>Merhabalar! Sizin i\u00e7in yeni bilimsel ill\u00fcstrasyonlar\u0131m\u0131z var! Her cuma mind the graph'taki yenilikleri g\u00f6steriyoruz, b\u00f6ylece haberleri blogumuzdan takip edebilirsiniz. Ancak bu ill\u00fcstrasyonlar\u0131n yan\u0131 s\u0131ra, platformumuzda halihaz\u0131rda sekiz binin \u00fczerinde ba\u015fka ill\u00fcstrasyonumuz da mevcut.<\/p>\n<p>&nbsp;<\/p>\n<h3 style=\"text-align: center;\"><strong>Yeni bilimsel \u00e7izimler<\/strong><\/h3>\n<p><em><strong>Euproctis chrysorrhoea<\/strong><\/em><\/p>\n<p style=\"text-align: justify;\">Aka\u00a0<b>kahverengi kuyruklu g\u00fcve, <\/b>Avrupa, Asya ve Afrika'n\u0131n kuzeyine \u00f6zg\u00fcd\u00fcr. Kahverengi kuyruklu g\u00fcve y\u0131lda bir nesil \u00fcretir. D\u00f6rt ya\u015fam evresi vard\u0131r: yumurta, larva, pupa ve yeti\u015fkin. Larvalar\u0131n ill\u00fcstrasyonlar\u0131 zaten mevcuttu ancak bu hafta yeti\u015fkin formunu da ekledik.<\/p>\n<p><a href=\"https:\/\/mindthegraph.com\" target=\"_blank\" rel=\"noopener\"><img decoding=\"async\" loading=\"lazy\" class=\"aligncenter wp-image-10236 size-full\" title=\"scientific_illustrations_euproctis_chrysorrhoea_zoology_mind_the_graph\" src=\"https:\/\/blog.mindthegraph.com\/wp-content\/uploads\/2019\/08\/euproctis_chrysorrhoea_zoology_mind_the_graph.png\" alt=\"scientific_illustrations_euproctis_chrysorrhoea_zoology_mind_the_graph\" width=\"449\" height=\"269\" srcset=\"https:\/\/mindthegraph.com\/blog\/wp-content\/uploads\/2019\/08\/euproctis_chrysorrhoea_zoology_mind_the_graph.png 449w, https:\/\/mindthegraph.com\/blog\/wp-content\/uploads\/2019\/08\/euproctis_chrysorrhoea_zoology_mind_the_graph-300x180.png 300w\" sizes=\"(max-width: 449px) 100vw, 449px\" \/><\/a><\/p>\n<p><strong>Nobel \u00f6d\u00fcl\u00fc kazananlar\u00a0<\/strong><\/p>\n<p style=\"text-align: justify;\">Tomas Lindahl, Paul Modrich ve Aziz Sancar 2015 Nobel Kimya \u00d6d\u00fcl\u00fc'n\u00fc \"DNA onar\u0131m\u0131 konusundaki mekanistik \u00e7al\u0131\u015fmalar\u0131 i\u00e7in\" ortakla\u015fa kazand\u0131lar. Ayr\u0131ca Sir Alexander Fleming gibi ba\u015fka bilim insan\u0131 \u00f6rneklerimiz de var.<\/p>\n<p><a href=\"https:\/\/mindthegraph.com\"><img decoding=\"async\" loading=\"lazy\" class=\"aligncenter size-full wp-image-10237\" src=\"https:\/\/blog.mindthegraph.com\/wp-content\/uploads\/2019\/08\/nobel_prize_winners_mind_the_graph.png\" alt=\"scientific_illustrations_nobel_prize_winners_mind_the_graph\" width=\"719\" height=\"314\" srcset=\"https:\/\/mindthegraph.com\/blog\/wp-content\/uploads\/2019\/08\/nobel_prize_winners_mind_the_graph.png 719w, https:\/\/mindthegraph.com\/blog\/wp-content\/uploads\/2019\/08\/nobel_prize_winners_mind_the_graph-300x131.png 300w\" sizes=\"(max-width: 719px) 100vw, 719px\" \/><\/a><\/p>\n<p><strong>\u00dcz\u00fcmler<\/strong><\/p>\n<p style=\"text-align: justify;\">Enolojiyi hi\u00e7 duydunuz mu? \u015earap ve \u015farap\u00e7\u0131l\u0131k bilimi ve \u00e7al\u0131\u015fmas\u0131d\u0131r; ba\u011fc\u0131l\u0131ktan, asma yeti\u015ftiricili\u011fi ve \u00fcz\u00fcm hasad\u0131n\u0131n tar\u0131msal \u00e7abalar\u0131ndan farkl\u0131d\u0131r. E\u011fer bir enolog ya da sadece bir \u015farap a\u015f\u0131\u011f\u0131ysan\u0131z, enoloji kategorimizin tamam\u0131na g\u00f6z at\u0131n.<\/p>\n<p><a href=\"https:\/\/mindthegraph.com\"><img decoding=\"async\" loading=\"lazy\" class=\"aligncenter size-full wp-image-10238\" src=\"https:\/\/blog.mindthegraph.com\/wp-content\/uploads\/2019\/08\/wine_grape_mind_the_graph.png\" alt=\"wine_grape_scientific_illustrations_mind_the_graph\" width=\"449\" height=\"377\" srcset=\"https:\/\/mindthegraph.com\/blog\/wp-content\/uploads\/2019\/08\/wine_grape_mind_the_graph.png 449w, https:\/\/mindthegraph.com\/blog\/wp-content\/uploads\/2019\/08\/wine_grape_mind_the_graph-300x252.png 300w\" sizes=\"(max-width: 449px) 100vw, 449px\" \/><\/a><\/p>\n<p><strong>D\u00fcnya ve ay tutulmas\u0131<\/strong><\/p>\n<p style=\"text-align: justify;\">Ay tutulmas\u0131, Ay do\u011frudan D\u00fcnya'n\u0131n arkas\u0131na ve g\u00f6lgesine ge\u00e7ti\u011finde meydana gelir. Ancak bu sadece G\u00fcne\u015f, D\u00fcnya ve Ay tam olarak ya da \u00e7ok yak\u0131n hizaland\u0131\u011f\u0131nda ve D\u00fcnya di\u011fer ikisinin aras\u0131nda kald\u0131\u011f\u0131nda ger\u00e7ekle\u015febilir. \u00d6te yandan, Ay G\u00fcne\u015f'in \u00f6n\u00fcnden ge\u00e7ti\u011finde bir g\u00fcne\u015f tutulmas\u0131 meydana gelir.<\/p>\n<p><a href=\"https:\/\/mindthegraph.com\"><br \/>\n<img decoding=\"async\" loading=\"lazy\" class=\"aligncenter size-full wp-image-10242\" src=\"https:\/\/blog.mindthegraph.com\/wp-content\/uploads\/2019\/08\/geology_eclipse_moon_earth_mind_the_graph.png\" alt=\"scientific_illustrations_geology_eclipse_moon_earth_mind_the_graph\" width=\"359\" height=\"359\" srcset=\"https:\/\/mindthegraph.com\/blog\/wp-content\/uploads\/2019\/08\/geology_eclipse_moon_earth_mind_the_graph.png 359w, https:\/\/mindthegraph.com\/blog\/wp-content\/uploads\/2019\/08\/geology_eclipse_moon_earth_mind_the_graph-150x150.png 150w, https:\/\/mindthegraph.com\/blog\/wp-content\/uploads\/2019\/08\/geology_eclipse_moon_earth_mind_the_graph-300x300.png 300w\" sizes=\"(max-width: 359px) 100vw, 359px\" \/><\/a><\/p>\n<p><strong>B\u00f6cekler<\/strong><\/p>\n<p>Coccinellidae, u\u011fur b\u00f6ce\u011fi olarak bilinen k\u00fc\u00e7\u00fck b\u00f6ceklerin yayg\u0131n bir ailesidir. Ancak entomologlar, bu b\u00f6cekler ger\u00e7ek b\u00f6cekler olarak s\u0131n\u0131fland\u0131r\u0131lmad\u0131\u011f\u0131 i\u00e7in u\u011fur b\u00f6ce\u011fi veya han\u0131m b\u00f6ce\u011fi isimlerini tercih etmektedir.<\/p>\n<p><a href=\"https:\/\/mindthegraph.com\"><img decoding=\"async\" loading=\"lazy\" class=\"aligncenter size-full wp-image-10244\" src=\"https:\/\/blog.mindthegraph.com\/wp-content\/uploads\/2019\/08\/coccinellidae_ant_insects_mind_the_graph.png\" alt=\"coccinellidae_ant_insects_mind_the_graph\" width=\"494\" height=\"269\" srcset=\"https:\/\/mindthegraph.com\/blog\/wp-content\/uploads\/2019\/08\/coccinellidae_ant_insects_mind_the_graph.png 494w, https:\/\/mindthegraph.com\/blog\/wp-content\/uploads\/2019\/08\/coccinellidae_ant_insects_mind_the_graph-300x163.png 300w\" sizes=\"(max-width: 494px) 100vw, 494px\" \/><\/a><\/p>\n<p><strong>Warthog\u00a0<\/strong><\/p>\n<p style=\"text-align: justify;\">Adi yaban domuzu (<em>Phacochoerus africanus<\/em>) Sahra alt\u0131 Afrika'da otlak, savan ve ormanl\u0131k alanlarda bulunan domuzgiller (Suidae) familyas\u0131n\u0131n vah\u015fi bir \u00fcyesidir.<\/p>\n<p style=\"text-align: justify;\"><a href=\"https:\/\/mindthegraph.com\"><img decoding=\"async\" loading=\"lazy\" class=\"aligncenter size-full wp-image-10245\" src=\"https:\/\/blog.mindthegraph.com\/wp-content\/uploads\/2019\/08\/warthlog_zoology_mind_the_graph.png\" alt=\"warthlog_zoology_mind_the_graph\" width=\"449\" height=\"314\" srcset=\"https:\/\/mindthegraph.com\/blog\/wp-content\/uploads\/2019\/08\/warthlog_zoology_mind_the_graph.png 449w, https:\/\/mindthegraph.com\/blog\/wp-content\/uploads\/2019\/08\/warthlog_zoology_mind_the_graph-300x210.png 300w\" sizes=\"(max-width: 449px) 100vw, 449px\" \/><\/a><\/p>\n<p>&nbsp;<\/p>\n<p><strong>Mast h\u00fccresi<\/strong><\/p>\n<p style=\"text-align: justify;\">Ba\u011f\u0131\u015f\u0131kl\u0131k ve n\u00f6roimm\u00fcn sistemlerin bir par\u00e7as\u0131d\u0131r. Alerji ve anafilaksi yolaklar\u0131nda \u00f6nemli bir role sahiptirler. Bununla birlikte mast h\u00fccreleri \u00f6nemli bir koruyucu rol de oynarlar. Anjiyogenez, imm\u00fcn tolerans, patojenlere kar\u015f\u0131 savunma ve kan-beyin bariyeri i\u015flevinde yer al\u0131rlar.<\/p>\n<p><a href=\"https:\/\/mindthegraph.com\"><img decoding=\"async\" loading=\"lazy\" class=\"aligncenter size-full wp-image-10247\" src=\"https:\/\/blog.mindthegraph.com\/wp-content\/uploads\/2019\/08\/mast_cell_mind_the_graph.png\" alt=\"mast_cell_mind_the_graph\" width=\"359\" height=\"269\" srcset=\"https:\/\/mindthegraph.com\/blog\/wp-content\/uploads\/2019\/08\/mast_cell_mind_the_graph.png 359w, https:\/\/mindthegraph.com\/blog\/wp-content\/uploads\/2019\/08\/mast_cell_mind_the_graph-300x225.png 300w\" sizes=\"(max-width: 359px) 100vw, 359px\" \/><\/a><\/p>\n<p>&nbsp;<\/p>\n<h2 style=\"text-align: center;\"><strong>Bu ill\u00fcstrasyonlar\u0131 yay\u0131nlar\u0131mda nas\u0131l kullanabilirim?<\/strong><\/h2>\n<p style=\"text-align: justify;\">Evet. Mind the Graph, bilim insanlar\u0131n\u0131n g\u00f6z al\u0131c\u0131 bilimsel sunumlar, grafik \u00f6zetler, infografikler ve daha fazlas\u0131n\u0131 olu\u015fturmalar\u0131na olanak tan\u0131yan \u00e7evrimi\u00e7i bir platformdur. Bilimsel ill\u00fcstrasyon k\u00fct\u00fcphanesinin yan\u0131 s\u0131ra, eksiksiz bir sunum olu\u015fturmak i\u00e7in metin, grafik, simge kullanabilir ve kendi resimlerinizi y\u00fckleyebilirsiniz. \u00dccretsiz olarak deneyebilir veya s\u0131n\u0131rs\u0131z \u00f6zelli\u011fe sahip olmak i\u00e7in y\u00fckseltebilirsiniz. Dahas\u0131, ill\u00fcstrasyonlar\u0131m\u0131z abonelerimizden gelen taleplere dayanmaktad\u0131r. Yani, ihtiyac\u0131n\u0131z olan\u0131 bulamazsan\u0131z, hi\u00e7bir ekstra \u00fccret \u00f6demeden talep edebilirsiniz.<\/p>\n<p style=\"text-align: justify;\"><a href=\"https:\/\/mindthegraph.com\" target=\"_blank\" rel=\"noopener\"><img decoding=\"async\" loading=\"lazy\" class=\"aligncenter wp-image-6577\" src=\"https:\/\/blog.mindthegraph.com\/wp-content\/uploads\/2017\/01\/start_get-mind-the-graph-medical-illustrations.png\" alt=\"grafi\u0307\u011fe di\u0307kkat edi\u0307n bi\u0307li\u0307msel resi\u0307mler\" width=\"250\" height=\"81\" srcset=\"https:\/\/mindthegraph.com\/blog\/wp-content\/uploads\/2017\/01\/start_get-mind-the-graph-medical-illustrations.png 310w, https:\/\/mindthegraph.com\/blog\/wp-content\/uploads\/2017\/01\/start_get-mind-the-graph-medical-illustrations-300x97.png 300w\" sizes=\"(max-width: 250px) 100vw, 250px\" \/><\/a><\/p>\n<p>&nbsp;<\/p>","protected":false},"excerpt":{"rendered":"<p>Merhabalar! Sizin i\u00e7in yeni bilimsel ill\u00fcstrasyonlar\u0131m\u0131z var! Her cuma mind the graph'taki yenilikleri g\u00f6steriyoruz, b\u00f6ylece haberleri blogumuzdan takip edebilirsiniz. Ancak bu ill\u00fcstrasyonlar\u0131n yan\u0131 s\u0131ra, platformumuzda halihaz\u0131rda sekiz binin \u00fczerinde ba\u015fka ill\u00fcstrasyonumuz da mevcut.   Yeni bilimsel ill\u00fcstrasyonlar Euproctis chrysorrhoea Aka kahverengi kuyruklu g\u00fcve, yerli [...]<\/p>","protected":false},"author":11,"featured_media":10233,"comment_status":"open","ping_status":"open","sticky":false,"template":"","format":"image","meta":[],"categories":[195,958,957],"tags":[302,336,96,335,318,89,250,775],"yoast_head":"<!-- This site is optimized with the Yoast SEO plugin v19.9 - https:\/\/yoast.com\/wordpress\/plugins\/seo\/ -->\n<title>#23 Scientific illustrations of the week: Don\u2019t miss it! - Mind the Graph Blog<\/title>\n<meta name=\"description\" content=\"Check out the new medical and scientific illustrations. Access our library with over eight thousands illustrations scientifically accurate.\" \/>\n<meta name=\"robots\" content=\"index, follow, max-snippet:-1, max-image-preview:large, max-video-preview:-1\" \/>\n<link rel=\"canonical\" href=\"https:\/\/mindthegraph.com\/blog\/tr\/23-bilimsel-illustrasyonlar-haftasi\/\" \/>\n<meta property=\"og:locale\" content=\"tr_TR\" \/>\n<meta property=\"og:type\" content=\"article\" \/>\n<meta property=\"og:title\" content=\"#23 Scientific illustrations of the week: Don\u2019t miss it! - Mind the Graph Blog\" \/>\n<meta property=\"og:description\" content=\"Check out the new medical and scientific illustrations. Access our library with over eight thousands illustrations scientifically accurate.\" \/>\n<meta property=\"og:url\" content=\"https:\/\/mindthegraph.com\/blog\/tr\/23-bilimsel-illustrasyonlar-haftasi\/\" \/>\n<meta property=\"og:site_name\" content=\"Mind the Graph Blog\" \/>\n<meta property=\"article:published_time\" content=\"2019-08-16T19:14:45+00:00\" \/>\n<meta property=\"article:modified_time\" content=\"2022-10-18T11:30:15+00:00\" \/>\n<meta property=\"og:image\" content=\"https:\/\/mindthegraph.com\/blog\/wp-content\/uploads\/2019\/08\/cover_illustrations_mind_the_graph_2.png\" \/>\n\t<meta property=\"og:image:width\" content=\"989\" \/>\n\t<meta property=\"og:image:height\" content=\"539\" \/>\n\t<meta property=\"og:image:type\" content=\"image\/png\" \/>\n<meta name=\"author\" content=\"Fabiola Soares\" \/>\n<meta name=\"twitter:card\" content=\"summary_large_image\" \/>\n<meta name=\"twitter:label1\" content=\"Written by\" \/>\n\t<meta name=\"twitter:data1\" content=\"Fabiola Soares\" \/>\n\t<meta name=\"twitter:label2\" content=\"Est. reading time\" \/>\n\t<meta name=\"twitter:data2\" content=\"2 minutes\" \/>\n<!-- \/ Yoast SEO plugin. -->","yoast_head_json":{"title":"#23 Scientific illustrations of the week: Don\u2019t miss it! - Mind the Graph Blog","description":"Check out the new medical and scientific illustrations. Access our library with over eight thousands illustrations scientifically accurate.","robots":{"index":"index","follow":"follow","max-snippet":"max-snippet:-1","max-image-preview":"max-image-preview:large","max-video-preview":"max-video-preview:-1"},"canonical":"https:\/\/mindthegraph.com\/blog\/tr\/23-bilimsel-illustrasyonlar-haftasi\/","og_locale":"tr_TR","og_type":"article","og_title":"#23 Scientific illustrations of the week: Don\u2019t miss it! - Mind the Graph Blog","og_description":"Check out the new medical and scientific illustrations. Access our library with over eight thousands illustrations scientifically accurate.","og_url":"https:\/\/mindthegraph.com\/blog\/tr\/23-bilimsel-illustrasyonlar-haftasi\/","og_site_name":"Mind the Graph Blog","article_published_time":"2019-08-16T19:14:45+00:00","article_modified_time":"2022-10-18T11:30:15+00:00","og_image":[{"width":989,"height":539,"url":"https:\/\/mindthegraph.com\/blog\/wp-content\/uploads\/2019\/08\/cover_illustrations_mind_the_graph_2.png","type":"image\/png"}],"author":"Fabiola Soares","twitter_card":"summary_large_image","twitter_misc":{"Written by":"Fabiola Soares","Est. reading time":"2 minutes"},"schema":{"@context":"https:\/\/schema.org","@graph":[{"@type":"WebPage","@id":"https:\/\/mindthegraph.com\/blog\/23-scientific-illustrations-week\/","url":"https:\/\/mindthegraph.com\/blog\/23-scientific-illustrations-week\/","name":"#23 Scientific illustrations of the week: Don\u2019t miss it! - Mind the Graph Blog","isPartOf":{"@id":"https:\/\/mindthegraph.com\/blog\/#website"},"datePublished":"2019-08-16T19:14:45+00:00","dateModified":"2022-10-18T11:30:15+00:00","author":{"@id":"https:\/\/mindthegraph.com\/blog\/#\/schema\/person\/5592c012d89648325be9b0f3c3f91132"},"description":"Check out the new medical and scientific illustrations. Access our library with over eight thousands illustrations scientifically accurate.","breadcrumb":{"@id":"https:\/\/mindthegraph.com\/blog\/23-scientific-illustrations-week\/#breadcrumb"},"inLanguage":"tr-TR","potentialAction":[{"@type":"ReadAction","target":["https:\/\/mindthegraph.com\/blog\/23-scientific-illustrations-week\/"]}]},{"@type":"BreadcrumbList","@id":"https:\/\/mindthegraph.com\/blog\/23-scientific-illustrations-week\/#breadcrumb","itemListElement":[{"@type":"ListItem","position":1,"name":"Home","item":"https:\/\/mindthegraph.com\/blog\/"},{"@type":"ListItem","position":2,"name":"#23 Scientific illustrations of the week: Don\u2019t miss it!"}]},{"@type":"WebSite","@id":"https:\/\/mindthegraph.com\/blog\/#website","url":"https:\/\/mindthegraph.com\/blog\/","name":"Mind the Graph Blog","description":"Your science can be beautiful!","potentialAction":[{"@type":"SearchAction","target":{"@type":"EntryPoint","urlTemplate":"https:\/\/mindthegraph.com\/blog\/?s={search_term_string}"},"query-input":"required name=search_term_string"}],"inLanguage":"tr-TR"},{"@type":"Person","@id":"https:\/\/mindthegraph.com\/blog\/#\/schema\/person\/5592c012d89648325be9b0f3c3f91132","name":"Fabiola Soares","image":{"@type":"ImageObject","inLanguage":"tr-TR","@id":"https:\/\/mindthegraph.com\/blog\/#\/schema\/person\/image\/","url":"https:\/\/secure.gravatar.com\/avatar\/7dca2c6a766aff1db898cc74c18284d8?s=96&d=mm&r=g","contentUrl":"https:\/\/secure.gravatar.com\/avatar\/7dca2c6a766aff1db898cc74c18284d8?s=96&d=mm&r=g","caption":"Fabiola Soares"},"url":"https:\/\/mindthegraph.com\/blog\/tr\/author\/fabiola\/"}]}},"_links":{"self":[{"href":"https:\/\/mindthegraph.com\/blog\/tr\/wp-json\/wp\/v2\/posts\/10232"}],"collection":[{"href":"https:\/\/mindthegraph.com\/blog\/tr\/wp-json\/wp\/v2\/posts"}],"about":[{"href":"https:\/\/mindthegraph.com\/blog\/tr\/wp-json\/wp\/v2\/types\/post"}],"author":[{"embeddable":true,"href":"https:\/\/mindthegraph.com\/blog\/tr\/wp-json\/wp\/v2\/users\/11"}],"replies":[{"embeddable":true,"href":"https:\/\/mindthegraph.com\/blog\/tr\/wp-json\/wp\/v2\/comments?post=10232"}],"version-history":[{"count":12,"href":"https:\/\/mindthegraph.com\/blog\/tr\/wp-json\/wp\/v2\/posts\/10232\/revisions"}],"predecessor-version":[{"id":23395,"href":"https:\/\/mindthegraph.com\/blog\/tr\/wp-json\/wp\/v2\/posts\/10232\/revisions\/23395"}],"wp:featuredmedia":[{"embeddable":true,"href":"https:\/\/mindthegraph.com\/blog\/tr\/wp-json\/wp\/v2\/media\/10233"}],"wp:attachment":[{"href":"https:\/\/mindthegraph.com\/blog\/tr\/wp-json\/wp\/v2\/media?parent=10232"}],"wp:term":[{"taxonomy":"category","embeddable":true,"href":"https:\/\/mindthegraph.com\/blog\/tr\/wp-json\/wp\/v2\/categories?post=10232"},{"taxonomy":"post_tag","embeddable":true,"href":"https:\/\/mindthegraph.com\/blog\/tr\/wp-json\/wp\/v2\/tags?post=10232"}],"curies":[{"name":"wp","href":"https:\/\/api.w.org\/{rel}","templated":true}]}}