{"id":10482,"date":"2019-09-20T18:13:59","date_gmt":"2019-09-20T21:13:59","guid":{"rendered":"https:\/\/blog.mindthegraph.com\/?p=10482"},"modified":"2022-10-18T08:23:54","modified_gmt":"2022-10-18T11:23:54","slug":"snowing-global-warming","status":"publish","type":"post","link":"https:\/\/mindthegraph.com\/blog\/sl\/snezenje-globalno-segrevanje\/","title":{"rendered":"Zunaj sne\u017ei. Je globalno segrevanje resni\u010dno?"},"content":{"rendered":"<p style=\"text-align: justify;\">Da, globalno segrevanje je resni\u010dno. Vsaj v skladu z znanostjo. To je kratek odgovor. Vendar je normalno, da vas ime globalno segrevanje zmoti. \u0160e posebej, ko se bli\u017ea zima, ko vas zebe in za konec tedna pri\u010dakujete sne\u017eenje. Zato si oglejmo najnovej\u0161e znanstvene podatke, da bi razumeli.<\/p>\n<h3 style=\"text-align: justify;\"><strong>01. Podnebje X Vreme<\/strong><\/h3>\n<p style=\"text-align: justify;\">To ni isto. Vreme je za\u010dasna lestvica, podnebje pa dolgoro\u010dno povpre\u010dje. Torej tudi \u010de imamo \u0161e naprej hladne dni, to ne izni\u010di nastanka globalne temperature. Pravzaprav lahko v svetu, ki se segreva, pri\u010dakujemo ostrej\u0161e zime.<\/p>\n<p style=\"text-align: justify;\">&#8220;<em>Podnebje je opredeljeno kot povpre\u010dni vremenski vzorci v regiji v dalj\u0161em \u010dasovnem obdobju. To je razlika med zmernim in sredozemskim podnebjem v Evropi ter ostrim mrazom v arkti\u010dni tundri. Vsako od teh podnebnih obmo\u010dij do\u017eivlja dnevna nihanja temperature, padavin, zra\u010dnega tlaka in tako naprej - vsakodnevna nihanja, znana kot vreme.\"<\/em> (<a href=\"https:\/\/www.nationalgeographic.com\/environment\/2019\/01\/climate-change-colder-winters-global-warming-polar-vortex\/\" target=\"_blank\" rel=\"noopener\">Vir: National Geographic<\/a>).<\/p>\n<h3 style=\"text-align: justify;\"><strong>02. Ekstremne temperature<\/strong><\/h3>\n<p style=\"text-align: justify;\">Izraz \"globalno segrevanje\" se je pojavil pred nekaj desetletji. V tem \u010dasu je bila glavna skrb povezana z<a href=\"https:\/\/blog.mindthegraph.com\/carbon-cycle-greenhouse-effect\/\" target=\"_blank\" rel=\"noopener\"> toplogrednih plinov, ki segrevajo planet, <\/a>pove\u010danje povpre\u010dne temperature. Vendar pa pove\u010danje ogljikovega dioksida in metana v ozra\u010dju povzro\u010da ve\u010d kot le dvig temperature. Ker se Arktika segreva, so zime v Severni Ameriki hladnej\u0161e.<\/p>\n<p style=\"text-align: justify;\"><strong>Zemlja bo zaradi u\u010dinkov podnebnih sprememb do\u017eivela \u0161e ve\u010d ekstremnih in katastrofalnih vremenskih pojavov, ne le segrevanje.<\/strong><\/p>\n<p style=\"text-align: justify;\">Fizik z univerze v Potsdamu Stefan Rahmstorf je na Twitterju pojasnil povezavo med hladnimi dnevi in globalnim segrevanjem:<\/p>\n<p style=\"text-align: justify;\"><a href=\"https:\/\/twitter.com\/rahmstorf\/status\/1087450493419487239\"><img decoding=\"async\" loading=\"lazy\" class=\"aligncenter size-full wp-image-10487\" src=\"https:\/\/blog.mindthegraph.com\/wp-content\/uploads\/2019\/09\/twiteer.png\" alt=\"twiteer\" width=\"590\" height=\"636\" srcset=\"https:\/\/mindthegraph.com\/blog\/wp-content\/uploads\/2019\/09\/twiteer.png 590w, https:\/\/mindthegraph.com\/blog\/wp-content\/uploads\/2019\/09\/twiteer-278x300.png 278w\" sizes=\"(max-width: 590px) 100vw, 590px\" \/><\/a><\/p>\n<p style=\"text-align: justify;\"><img decoding=\"async\" loading=\"lazy\" class=\"aligncenter size-full wp-image-10488\" src=\"https:\/\/blog.mindthegraph.com\/wp-content\/uploads\/2019\/09\/twitter-global.png\" alt=\"twitter globalno\" width=\"602\" height=\"286\" srcset=\"https:\/\/mindthegraph.com\/blog\/wp-content\/uploads\/2019\/09\/twitter-global.png 602w, https:\/\/mindthegraph.com\/blog\/wp-content\/uploads\/2019\/09\/twitter-global-300x143.png 300w\" sizes=\"(max-width: 602px) 100vw, 602px\" \/><\/p>\n<p style=\"text-align: justify;\"><img decoding=\"async\" loading=\"lazy\" class=\"aligncenter size-full wp-image-10489\" src=\"https:\/\/blog.mindthegraph.com\/wp-content\/uploads\/2019\/09\/dxdm2j_x0ae0ebg.jpg\" alt=\"Dxdm2J_X0AE0eBg\" width=\"590\" height=\"447\" srcset=\"https:\/\/mindthegraph.com\/blog\/wp-content\/uploads\/2019\/09\/dxdm2j_x0ae0ebg.jpg 590w, https:\/\/mindthegraph.com\/blog\/wp-content\/uploads\/2019\/09\/dxdm2j_x0ae0ebg-300x227.jpg 300w\" sizes=\"(max-width: 590px) 100vw, 590px\" \/><\/p>\n<p style=\"text-align: justify;\">Zaradi globalnega segrevanja naj bi bile zime v Severni Ameriki ostrej\u0161e. Dva \u010dlanka, od katerih je bil eden objavljen na <a href=\"https:\/\/www.nature.com\/articles\/s41467-018-02992-9\" target=\"_blank\" rel=\"noopener\">Sporo\u010dila o naravi<\/a> drugo pa na <a href=\"https:\/\/www.nature.com\/articles\/ngeo2986.epdf?referrer_access_token=8ZuZSFFNTS-KM5GntRQpAdRgN0jAjWel9jnR3ZoTv0PsVxpvjWhKe8dtpFC2SnPGjLo4esIl0VLSA0depY04YhnMbPES8WcQHsL1x_6Sdms4riRr9B2SnwLtTb0PrUd_eKhjZ5otXhun5dLWtD7rs-pW2Ey0zb-SO-9WBVtCdP50Hgm0f4RXk1yZAbdIn13FrZnFLELT-Y57E_o_t1ajvQ%3D%3D&amp;tracking_referrer=www.mindthegraph.com\" target=\"_blank\" rel=\"noopener\">Nature Geoscience<\/a> ugotovili povezavo med vi\u0161jimi temperaturami na Arktiki in hladnej\u0161imi zimami v Severni Ameriki.<\/p>\n<p style=\"text-align: justify;\">Iz \u010dlankov je razvidno, da je pojav hudega zimskega vremena v Zdru\u017eenih dr\u017eavah Amerike pomembno povezan z anomalijami panarkti\u010dnih geopotencialnih vi\u0161in in temperatur. Ta povezava je najmo\u010dnej\u0161a na vzhodu ZDA.<\/p>\n<h3 class=\"title\"><a href=\"https:\/\/news.rutgers.edu\/news\/warm-arctic-means-colder-snowier-winters-northeastern-us-study-says\/20180309#.XZJdukZKiM_\"><strong>Topla Arktika pomeni hladnej\u0161e in sne\u017enej\u0161e zime na severovzhodu ZDA.<\/strong><\/a><\/h3>\n<p style=\"text-align: justify;\">\"To v bistvu potrjuje zgodbo, ki jo govorim \u017ee nekaj let,\" <a href=\"https:\/\/news.rutgers.edu\/news\/warm-arctic-means-colder-snowier-winters-northeastern-us-study-says\/20180309#.XZJdukZKiM_\">je povedala soavtorica \u0161tudije Jennifer Francis, <\/a>raziskovalni profesor za morske in obalne vede na Rutgersovi fakulteti <a href=\"https:\/\/sebs.rutgers.edu\/\">\u0160ola za okoljske in biolo\u0161ke vede.<\/a> \"Zaradi toplih temperatur na Arktiki se jet stream divje spreminja, in ko se usmeri proti jugu, hladen zrak prodre \u0161e dlje na jug. Ta nihanja se ponavadi zadr\u017eijo nekaj \u010dasa, zato vreme na vzhodu ZDA, ne glede na to, ali je hladno ali toplo, ponavadi ostane z nami dlje \u010dasa.\"<\/p>\n<h3 style=\"text-align: justify;\"><strong>03. Morali bi se ohladiti<\/strong><\/h3>\n<p style=\"text-align: justify;\">Globalno segrevanje je le naravni cikel, s katerim nimamo ni\u010d skupnega. Ali je tako? NE. <a href=\"https:\/\/blog.mindthegraph.com\/climate-change-scientific-data\/#.XZJeI0ZKiM8\" target=\"_blank\" rel=\"noopener\">Pisal sem \u017ee o\u00a0<\/a>\u00a0razlike med naravnimi cikli na Zemlji in podnebnimi spremembami, ki jih povzro\u010da \u010dlovek.<\/p>\n<p><strong>Mo\u017eni naravni vzroki za nara\u0161\u010dajo\u010de temperature:<\/strong><\/p>\n<p><strong>Sonce:\u00a0<\/strong>V zadnjih 35 letih se je sonce za\u010delo ohlajati. Vendar se globalne temperature \u0161e naprej zvi\u0161ujejo.<\/p>\n<figure id=\"attachment_10495\" aria-describedby=\"caption-attachment-10495\" style=\"width: 640px\" class=\"wp-caption aligncenter\"><img decoding=\"async\" loading=\"lazy\" class=\"size-large wp-image-10495\" src=\"https:\/\/blog.mindthegraph.com\/wp-content\/uploads\/2019\/09\/tvstsi-1024x783.png\" alt=\" Letna sprememba globalne temperature (tanka svetlo rde\u010da barva) z 11-letnim drse\u010dim povpre\u010djem temperature (debela temno rde\u010da barva). Podatki o temperaturi iz NASA GISS. Letno skupno son\u010dno obsevanje (tanka svetlo modra barva) z 11-letnim drse\u010dim povpre\u010djem TSI (debela temno modra barva). TSI od leta 1880 do leta 1978 iz Krivova et al. 2007. TSI od leta 1979 do leta 2015 iz Svetovnega centra za sevanje (za posodobitve podatkov glej njihovo indeksno stran PMOD). Diagrami najnovej\u0161ega son\u010dnega obsevanja so na voljo na spleti\u0161\u010du Laboratorija za atmosfersko in vesoljsko fiziko LISIRD.\" width=\"640\" height=\"489\" srcset=\"https:\/\/mindthegraph.com\/blog\/wp-content\/uploads\/2019\/09\/tvstsi-1024x783.png 1024w, https:\/\/mindthegraph.com\/blog\/wp-content\/uploads\/2019\/09\/tvstsi-300x229.png 300w, https:\/\/mindthegraph.com\/blog\/wp-content\/uploads\/2019\/09\/tvstsi-768x587.png 768w\" sizes=\"(max-width: 640px) 100vw, 640px\" \/><figcaption id=\"caption-attachment-10495\" class=\"wp-caption-text\">Letna sprememba globalne temperature (tanka svetlo rde\u010da barva) z 11-letnim drse\u010dim povpre\u010djem temperature (debela temno rde\u010da barva). Temperatura od<a href=\"https:\/\/data.giss.nasa.gov\/gistemp\/tabledata_v3\/\" target=\"_blank\" rel=\"noopener\"> NASA GISS<\/a>. Letno skupno son\u010dno obsevanje (tanka svetlo modra barva) z 11-letnim drse\u010dim povpre\u010djem TSI (debela temno modra barva). TSI od leta 1880 do leta 1978 iz Krivova et al. 2007. TSI od leta 1979 do leta 2015 iz <a href=\"https:\/\/www.pmodwrc.ch\/en\/our-institute\/pmod-wrc\/\">Svetovni center za sevanje<\/a> (za posodobitve podatkov glej njihovo indeksno stran PMOD). Diagrami najnovej\u0161ega son\u010dnega obsevanja so na voljo na spletni strani Laboratorija za atmosfersko in vesoljsko fiziko LISIRD. <a href=\"https:\/\/skepticalscience.com\/solar-activity-sunspots-global-warming.htm\">(Vir)<\/a><\/figcaption><\/figure>\n<p><strong>Pred ledeno dobo:<\/strong>\u00a0Ali veste, da\u00a0<a href=\"https:\/\/www.nature.com\/articles\/ngeo1358\" target=\"_blank\" rel=\"noopener\">domnevamo, da bomo do\u017eiveli novo ledeno dobo.<\/a>, ne toplo?<\/p>\n<p style=\"text-align: justify;\"><strong>Vulkanizem:\u00a0<\/strong>Vulkani proizvajajo pline, ki zadr\u017eujejo toploto, zato so lahko odgovorni za spremembo temperature, kajne? Pravzaprav proizvedejo manj kot 1% CO2, ki ga proizvede \u010dlovek. Poleg tega veliki izbruhi, ko se zgodijo, Zemljo ohladijo, namesto da bi jo segreli. <a href=\"https:\/\/www.nature.com\/articles\/s41561-019-0402-y.epdf?referrer_access_token=NsmsvMEmWm6SoIVKCTcEt9RgN0jAjWel9jnR3ZoTv0MyBnoX34ZRaon0wmYjK2GXR3LOpEGlJAGIl2yZr9fKQYQkJni28mFZ38_k7tJ5vkJDciMdvmfN_MId2508iWfSpShftbeoK2cY-NpTXIO-SkgjBJJBVOz_OlG4EcQUBuq1YuGeTaVZ9zND91dE_ap7Om7rfyUcIwvYWGEqN12MEN2JrF6V_Tgkq14lTQX_Z0ft7W5TbcMDh8tS8823jWdGooSvS90xoQ30TVgF2fLu0sLNUZ7M5IdM_98hjl53eUZX85rxKMQv1pmpBc7Gl4RCqw_rtGdPCwNq9Mi_ECopCi6G4JUrqOk_73ejPNW6IGE%3D&amp;tracking_referrer=www.mindthegraph.com\" target=\"_blank\" rel=\"noopener\">\u010clanek v reviji Nature z naslovom Zadnja faza male ledene dobe, ki so jo povzro\u010dili vulkanski izbruhi<\/a> pojasni, kako je svet v 18. stoletju za\u010del prehajati iz obdobja vulkanske ohladitve v podnebje, ki so ga segreli \u010dlove\u0161ki izpusti.<\/p>\n<p><strong>\u010ce povzamemo:\u00a0<\/strong><\/p>\n<figure id=\"attachment_10496\" aria-describedby=\"caption-attachment-10496\" style=\"width: 330px\" class=\"wp-caption aligncenter\"><a href=\"https:\/\/www.ipcc.ch\/site\/assets\/uploads\/2018\/02\/WG1AR5_Chapter05_FINAL.pdf\" target=\"_blank\" rel=\"noopener\"><img decoding=\"async\" loading=\"lazy\" class=\"wp-image-10496 size-full\" src=\"https:\/\/blog.mindthegraph.com\/wp-content\/uploads\/2019\/09\/temperature.png\" alt=\"temperatura\" width=\"330\" height=\"679\" srcset=\"https:\/\/mindthegraph.com\/blog\/wp-content\/uploads\/2019\/09\/temperature.png 330w, https:\/\/mindthegraph.com\/blog\/wp-content\/uploads\/2019\/09\/temperature-146x300.png 146w\" sizes=\"(max-width: 330px) 100vw, 330px\" \/><\/a><figcaption id=\"caption-attachment-10496\" class=\"wp-caption-text\">Globalne temperaturne anomalije na povr\u0161ju Zemlje od leta 1870 do leta 2010 ter naravni (son\u010dni, vulkanski in notranji) in antropogeni dejavniki, ki vplivajo nanje. <a href=\"https:\/\/www.ipcc.ch\/site\/assets\/uploads\/2018\/02\/WG1AR5_Chapter05_FINAL.pdf\">(vir)<\/a><\/figcaption><\/figure>\n<h3 style=\"text-align: justify;\"><\/h3>\n<h3 style=\"text-align: justify;\"><strong>04. Temperatura se globalno pove\u010duje<\/strong><\/h3>\n<p>Sedanji znanstveni podatki ka\u017eejo, da pred industrijsko revolucijo hladnih in toplih obdobij ni bilo na svetovni ravni.<\/p>\n<p style=\"text-align: justify;\"><a href=\"http:\/\/nature.com\/articles\/s41586-019-1401-2.epdf\">Raziskovalci so preu\u010devali malo ledeno dobo,<\/a> najhladnej\u0161e obdobje zadnjega tiso\u010dletja. Rezultati ka\u017eejo, da so bile najhladnej\u0161e temperature v razli\u010dnih stoletjih po vsem svetu. V 15. stoletju je bilo to v osrednjem in vzhodnem delu Tihega oceana, v 17. stoletju pa v severozahodni Evropi in jugovzhodnem delu Severne Amerike. V preostalih regijah pa so se najhladnej\u0161e temperature pojavile \u0161ele sredi 19. stoletja.<\/p>\n<h3 style=\"text-align: justify;\"><strong>05. Morska gladina<\/strong><\/h3>\n<p style=\"text-align: justify;\">Najprej je treba poudariti razlike med relativnim in absolutnim spreminjanjem morske gladine:<\/p>\n<ul style=\"text-align: justify;\">\n<li>Relativno spreminjanje morske gladine pomeni, kako se vi\u0161ina oceana dviguje ali spu\u0161\u010da glede na kopno na dolo\u010deni lokaciji.<\/li>\n<li>Nasprotno pa se absolutno spreminjanje morske gladine nana\u0161a na vi\u0161ino gladine oceana nad sredi\u0161\u010dem Zemlje, ne glede na to, ali se bli\u017enje kopno dviguje ali spu\u0161\u010da.<\/li>\n<\/ul>\n<p style=\"text-align: justify;\"><a href=\"https:\/\/medium.com\/@ClimateReality\/get-the-facts-why-are-sea-levels-rising-5c0d7f3b4082\" target=\"_blank\" rel=\"noopener\">Morja neenakomerno nara\u0161\u010dajo<\/a> - zaradi \u010desar so nekatere skupnosti \u0161e bolj ogro\u017eene kot druge. Relativna vi\u0161ina morske gladine je razli\u010dna zaradi lokalnih dejavnikov, kot so ugrezanje kopnega, veter in kro\u017eenje oceanov.<\/p>\n<p style=\"text-align: justify;\"><a href=\"https:\/\/climate.nasa.gov\/vital-signs\/sea-level\/\">Po podatkih agencije NASA<\/a>,\u00a0<em>Dvig morske gladine povzro\u010data predvsem dva dejavnika, povezana z globalnim segrevanjem: dodatna voda zaradi taljenja ledenih plo\u0161\u010d in ledenikov ter \u0161irjenje morske vode zaradi segrevanja.<\/em><\/p>\n<p>&nbsp;<\/p>\n<figure id=\"attachment_10499\" aria-describedby=\"caption-attachment-10499\" style=\"width: 684px\" class=\"wp-caption aligncenter\"><a href=\"https:\/\/climate.nasa.gov\/vital-signs\/sea-level\/\" target=\"_blank\" rel=\"noopener\"><img decoding=\"async\" loading=\"lazy\" class=\"wp-image-10499 size-full\" src=\"https:\/\/blog.mindthegraph.com\/wp-content\/uploads\/2019\/09\/nasa-sea-level.png\" alt=\"raven morja pri Nasi\" width=\"684\" height=\"388\" srcset=\"https:\/\/mindthegraph.com\/blog\/wp-content\/uploads\/2019\/09\/nasa-sea-level.png 684w, https:\/\/mindthegraph.com\/blog\/wp-content\/uploads\/2019\/09\/nasa-sea-level-300x170.png 300w\" sizes=\"(max-width: 684px) 100vw, 684px\" \/><\/a><figcaption id=\"caption-attachment-10499\" class=\"wp-caption-text\">Graf prikazuje spremembe morske gladine od leta 1993, ki jih opazujejo sateliti.<\/figcaption><\/figure>\n<p>&nbsp;<\/p>\n<p>\u010ce \u017eelite izvedeti ve\u010d:<\/p>\n<ul>\n<li><a href=\"https:\/\/blog.mindthegraph.com\/climate-change-scientific-data\/#.XZJfVkZKiM8\" target=\"_blank\" rel=\"noopener\">Demistifikacija podnebnih sprememb s pomo\u010djo znanstvenih podatkov<\/a><\/li>\n<li><a href=\"https:\/\/blog.mindthegraph.com\/climate-change-science\/#.XZJqhUZKiM8\" target=\"_blank\" rel=\"noopener\">Novi znanstveni podatki zaustavljajo zanikovalce podnebnih sprememb<\/a><\/li>\n<\/ul>\n<p><a href=\"https:\/\/mindthegraph.com\" target=\"_blank\" rel=\"noopener\"><img decoding=\"async\" loading=\"lazy\" class=\"aligncenter wp-image-6577\" src=\"https:\/\/blog.mindthegraph.com\/wp-content\/uploads\/2017\/01\/start_get-mind-the-graph-medical-illustrations.png\" alt=\"znanstvene ilustracije z grafom\" width=\"200\" height=\"65\" srcset=\"https:\/\/mindthegraph.com\/blog\/wp-content\/uploads\/2017\/01\/start_get-mind-the-graph-medical-illustrations.png 310w, https:\/\/mindthegraph.com\/blog\/wp-content\/uploads\/2017\/01\/start_get-mind-the-graph-medical-illustrations-300x97.png 300w\" sizes=\"(max-width: 200px) 100vw, 200px\" \/><\/a><\/p>","protected":false},"excerpt":{"rendered":"<p>Da, globalno segrevanje je resni\u010dno. Vsaj v skladu z znanostjo. To je kratek odgovor. Vendar je normalno, da vas ime globalno segrevanje zmoti. \u0160e posebej, ko se bli\u017ea zima, ko vas zebe in za konec tedna pri\u010dakujete sne\u017eenje. Zato si oglejmo najnovej\u0161e znanstvene podatke, da bi razumeli. 01. Podnebje X Vreme To je [...]<\/p>","protected":false},"author":11,"featured_media":10485,"comment_status":"open","ping_status":"open","sticky":false,"template":"","format":"image","meta":[],"categories":[959,28],"tags":[160,219,343,554,354,250,775],"yoast_head":"<!-- This site is optimized with the Yoast SEO plugin v19.9 - https:\/\/yoast.com\/wordpress\/plugins\/seo\/ -->\n<title>It&#039;s snowing outside. Is the global warming real? - Mind the Graph Blog<\/title>\n<meta name=\"description\" content=\"it is normal to be confused about the name global warming. Specially if winter is coming and it is snowing. See the newest scientific data on climate change\" \/>\n<meta name=\"robots\" content=\"index, follow, max-snippet:-1, max-image-preview:large, max-video-preview:-1\" \/>\n<link rel=\"canonical\" href=\"https:\/\/mindthegraph.com\/blog\/sl\/snezenje-globalno-segrevanje\/\" \/>\n<meta property=\"og:locale\" content=\"sl_SI\" \/>\n<meta property=\"og:type\" content=\"article\" \/>\n<meta property=\"og:title\" content=\"It&#039;s snowing outside. Is the global warming real? - Mind the Graph Blog\" \/>\n<meta property=\"og:description\" content=\"it is normal to be confused about the name global warming. Specially if winter is coming and it is snowing. See the newest scientific data on climate change\" \/>\n<meta property=\"og:url\" content=\"https:\/\/mindthegraph.com\/blog\/sl\/snezenje-globalno-segrevanje\/\" \/>\n<meta property=\"og:site_name\" content=\"Mind the Graph Blog\" \/>\n<meta property=\"article:published_time\" content=\"2019-09-20T21:13:59+00:00\" \/>\n<meta property=\"article:modified_time\" content=\"2022-10-18T11:23:54+00:00\" \/>\n<meta property=\"og:image\" content=\"https:\/\/mindthegraph.com\/blog\/wp-content\/uploads\/2019\/09\/cover-global-warming.png\" \/>\n\t<meta property=\"og:image:width\" content=\"602\" \/>\n\t<meta property=\"og:image:height\" content=\"330\" \/>\n\t<meta property=\"og:image:type\" content=\"image\/png\" \/>\n<meta name=\"author\" content=\"Fabiola Soares\" \/>\n<meta name=\"twitter:card\" content=\"summary_large_image\" \/>\n<meta name=\"twitter:label1\" content=\"Written by\" \/>\n\t<meta name=\"twitter:data1\" content=\"Fabiola Soares\" \/>\n\t<meta name=\"twitter:label2\" content=\"Est. reading time\" \/>\n\t<meta name=\"twitter:data2\" content=\"5 minutes\" \/>\n<!-- \/ Yoast SEO plugin. -->","yoast_head_json":{"title":"It's snowing outside. Is the global warming real? - Mind the Graph Blog","description":"it is normal to be confused about the name global warming. Specially if winter is coming and it is snowing. See the newest scientific data on climate change","robots":{"index":"index","follow":"follow","max-snippet":"max-snippet:-1","max-image-preview":"max-image-preview:large","max-video-preview":"max-video-preview:-1"},"canonical":"https:\/\/mindthegraph.com\/blog\/sl\/snezenje-globalno-segrevanje\/","og_locale":"sl_SI","og_type":"article","og_title":"It's snowing outside. Is the global warming real? - Mind the Graph Blog","og_description":"it is normal to be confused about the name global warming. Specially if winter is coming and it is snowing. See the newest scientific data on climate change","og_url":"https:\/\/mindthegraph.com\/blog\/sl\/snezenje-globalno-segrevanje\/","og_site_name":"Mind the Graph Blog","article_published_time":"2019-09-20T21:13:59+00:00","article_modified_time":"2022-10-18T11:23:54+00:00","og_image":[{"width":602,"height":330,"url":"https:\/\/mindthegraph.com\/blog\/wp-content\/uploads\/2019\/09\/cover-global-warming.png","type":"image\/png"}],"author":"Fabiola Soares","twitter_card":"summary_large_image","twitter_misc":{"Written by":"Fabiola Soares","Est. reading time":"5 minutes"},"schema":{"@context":"https:\/\/schema.org","@graph":[{"@type":"WebPage","@id":"https:\/\/mindthegraph.com\/blog\/snowing-global-warming\/","url":"https:\/\/mindthegraph.com\/blog\/snowing-global-warming\/","name":"It's snowing outside. Is the global warming real? - Mind the Graph Blog","isPartOf":{"@id":"https:\/\/mindthegraph.com\/blog\/#website"},"datePublished":"2019-09-20T21:13:59+00:00","dateModified":"2022-10-18T11:23:54+00:00","author":{"@id":"https:\/\/mindthegraph.com\/blog\/#\/schema\/person\/5592c012d89648325be9b0f3c3f91132"},"description":"it is normal to be confused about the name global warming. Specially if winter is coming and it is snowing. See the newest scientific data on climate change","breadcrumb":{"@id":"https:\/\/mindthegraph.com\/blog\/snowing-global-warming\/#breadcrumb"},"inLanguage":"sl-SI","potentialAction":[{"@type":"ReadAction","target":["https:\/\/mindthegraph.com\/blog\/snowing-global-warming\/"]}]},{"@type":"BreadcrumbList","@id":"https:\/\/mindthegraph.com\/blog\/snowing-global-warming\/#breadcrumb","itemListElement":[{"@type":"ListItem","position":1,"name":"Home","item":"https:\/\/mindthegraph.com\/blog\/"},{"@type":"ListItem","position":2,"name":"It&#8217;s snowing outside. Is the global warming real?"}]},{"@type":"WebSite","@id":"https:\/\/mindthegraph.com\/blog\/#website","url":"https:\/\/mindthegraph.com\/blog\/","name":"Mind the Graph Blog","description":"Your science can be beautiful!","potentialAction":[{"@type":"SearchAction","target":{"@type":"EntryPoint","urlTemplate":"https:\/\/mindthegraph.com\/blog\/?s={search_term_string}"},"query-input":"required name=search_term_string"}],"inLanguage":"sl-SI"},{"@type":"Person","@id":"https:\/\/mindthegraph.com\/blog\/#\/schema\/person\/5592c012d89648325be9b0f3c3f91132","name":"Fabiola Soares","image":{"@type":"ImageObject","inLanguage":"sl-SI","@id":"https:\/\/mindthegraph.com\/blog\/#\/schema\/person\/image\/","url":"https:\/\/secure.gravatar.com\/avatar\/7dca2c6a766aff1db898cc74c18284d8?s=96&d=mm&r=g","contentUrl":"https:\/\/secure.gravatar.com\/avatar\/7dca2c6a766aff1db898cc74c18284d8?s=96&d=mm&r=g","caption":"Fabiola Soares"},"url":"https:\/\/mindthegraph.com\/blog\/sl\/author\/fabiola\/"}]}},"_links":{"self":[{"href":"https:\/\/mindthegraph.com\/blog\/sl\/wp-json\/wp\/v2\/posts\/10482"}],"collection":[{"href":"https:\/\/mindthegraph.com\/blog\/sl\/wp-json\/wp\/v2\/posts"}],"about":[{"href":"https:\/\/mindthegraph.com\/blog\/sl\/wp-json\/wp\/v2\/types\/post"}],"author":[{"embeddable":true,"href":"https:\/\/mindthegraph.com\/blog\/sl\/wp-json\/wp\/v2\/users\/11"}],"replies":[{"embeddable":true,"href":"https:\/\/mindthegraph.com\/blog\/sl\/wp-json\/wp\/v2\/comments?post=10482"}],"version-history":[{"count":16,"href":"https:\/\/mindthegraph.com\/blog\/sl\/wp-json\/wp\/v2\/posts\/10482\/revisions"}],"predecessor-version":[{"id":23424,"href":"https:\/\/mindthegraph.com\/blog\/sl\/wp-json\/wp\/v2\/posts\/10482\/revisions\/23424"}],"wp:featuredmedia":[{"embeddable":true,"href":"https:\/\/mindthegraph.com\/blog\/sl\/wp-json\/wp\/v2\/media\/10485"}],"wp:attachment":[{"href":"https:\/\/mindthegraph.com\/blog\/sl\/wp-json\/wp\/v2\/media?parent=10482"}],"wp:term":[{"taxonomy":"category","embeddable":true,"href":"https:\/\/mindthegraph.com\/blog\/sl\/wp-json\/wp\/v2\/categories?post=10482"},{"taxonomy":"post_tag","embeddable":true,"href":"https:\/\/mindthegraph.com\/blog\/sl\/wp-json\/wp\/v2\/tags?post=10482"}],"curies":[{"name":"wp","href":"https:\/\/api.w.org\/{rel}","templated":true}]}}