{"id":6539,"date":"2017-01-12T21:48:44","date_gmt":"2017-01-12T23:48:44","guid":{"rendered":"https:\/\/blog.mindthegraph.com\/?p=6539"},"modified":"2022-10-18T08:30:42","modified_gmt":"2022-10-18T11:30:42","slug":"science-versus-politics","status":"publish","type":"post","link":"https:\/\/mindthegraph.com\/blog\/lt\/mokslas-ir-politika\/","title":{"rendered":"Mokslas ir politika: kas apie tai?"},"content":{"rendered":"<p><span style=\"font-weight: 400;\">Prad\u0117kime nuo to, kad mokslas ir politika yra labai bloga prad\u017eia. Geresnis po\u017ei\u016bris b\u016bt\u0173 mokslas IR politika.<\/span><\/p>\n<p><span style=\"font-weight: 400;\">Atrodo, kad kiekvien\u0105 kart\u0105, kai susiduriama su politiniais interesais, turime pasirinkti pus\u0119. Ta\u010diau pagrindinis mokslo tikslas - ie\u0161koti daugiau informacijos, kad geriau suprastume mus supant\u012f pasaul\u012f ir tai, kaip mes, \u017emon\u0117s, su juo s\u0105veikaujame.<\/span><\/p>\n<p><span style=\"font-weight: 400;\">Mokslo ir politikos kova n\u0117ra naujiena. Kiek i\u0161 m\u016bs\u0173 dabar juokiasi i\u0161 t\u0173 laik\u0173, kai tik\u0117jome, kad \u017dem\u0117 plok\u0161\u010dia arba kad m\u016bs\u0173 planeta yra Visatos centras.<\/span><span style=\"font-weight: 400;\">eil\u0117ra\u0161tis?<\/span><\/p>\n<p><span style=\"font-weight: 400;\">Taip, tai juokinga. Ta\u010diau \u0161iais laikais turime jud\u0117jimus prie\u0161 skiepus, kreacionizm\u0105 kaip vienintel\u0119 pasaulio atsiradimo teorij\u0105 gamtos moksl\u0173 pamokose ir globalinio at\u0161ilimo \u0161alininkus - ir tai visai nejuokinga.<\/span><span style=\"font-weight: 400;\"><a href=\"https:\/\/blog.mindthegraph.com\/wp-content\/uploads\/2017\/01\/cordas.jpg\"><img decoding=\"async\" loading=\"lazy\" class=\"aligncenter wp-image-6543 size-full\" src=\"https:\/\/blog.mindthegraph.com\/wp-content\/uploads\/2017\/01\/cordas.jpg\" alt=\" Mokslas ir politika: kas apie tai?\" width=\"600\" height=\"375\" srcset=\"https:\/\/mindthegraph.com\/blog\/wp-content\/uploads\/2017\/01\/cordas.jpg 600w, https:\/\/mindthegraph.com\/blog\/wp-content\/uploads\/2017\/01\/cordas-300x188.jpg 300w\" sizes=\"(max-width: 600px) 100vw, 600px\" \/><\/a><\/span><\/p>\n<p><span style=\"font-weight: 400;\">Tad kokia prasm\u0117? Kaip labai gerai para\u0161yta \u017eurnale \"Scientific American\", esm\u0117 yra ta, kad mokslin\u0117 informacija pasiekt\u0173 \u017emones. O kad tai \u012fvykt\u0173, turime gerai informuoti apie savo darb\u0105.<\/span><\/p>\n<p><span style=\"font-weight: 400;\">Deja, \u012ftakingi politikai gali tur\u0117ti senamadi\u0161k\u0105 nuomon\u0119 apie mokslo teorijas (nors ir neturi akademinio i\u0161silavinimo, kad gal\u0117t\u0173 d\u0117l to gin\u010dytis). Tokiu atveju labai svarbu, kad mes, mokslininkai ir pilie\u010diai, pasir\u016bpintume, jog mokslo \u017einios, kurias taip sunkiai kuriame, pasiekt\u0173 kuo daugiau \u017emoni\u0173.<\/span><\/p>\n<p><span style=\"font-weight: 400;\">Yra daugyb\u0117 b\u016bd\u0173, kaip pagerinti komunikacij\u0105 apie moksl\u0105. Vienas i\u0161 labai veiksming\u0173 b\u016bd\u0173 yra vizualus.<\/span><\/p>\n<p><a href=\"https:\/\/blogs.scientificamerican.com\/sa-visual\/how-science-visualization-can-help-save-the-world\/?WT.mc_id=SA_FB_ARTC_BLOG\">Amanda Monta\u00f1ez, \u017eurnalo \"Scientific American\" ra\u0161ytoja<\/a>, turi puiki\u0105 nuomon\u0119 apie tai, kaip galime prad\u0117ti:<\/p>\n<blockquote><p><span style=\"font-weight: 400;\">\"<\/span><span style=\"font-weight: 400;\">Kod\u0117l informacin\u0117 grafika? Be to, kad i\u0161 jos k\u016brimo pragyvenu, manau, kad grafika gali b\u016bti lengviausiai vartojama ir dalijamasi, ypa\u010d mokslinio turinio atveju. <strong>Esu labiau i\u0161silavin\u0119s ir moksli\u0161kai i\u0161prus\u0119s nei vidutinis visuomen\u0117s narys, ta\u010diau nesig\u0117diju pasakyti, kad skaitydamas straipsn\u012f, straipsn\u012f ar knyg\u0105 apie moksl\u0105 pirmiausia ie\u0161kau paveiksl\u0117li\u0173.<\/strong><\/span><span style=\"font-weight: 400;\">\" Amanda Monta\u00f1ez \u017eurnale \"Scientific American<\/span><\/p><\/blockquote>\n<p>Vienintel\u0117 problema: dauguma mokslinink\u0173 ne\u017eino, kaip savo darb\u0105 paversti vaizdine informacija.<\/p>\n<p>Jei esate vienas i\u0161 toki\u0173 mokslinink\u0173, \u0161tai kaip galime pad\u0117ti. Skaitykite m\u016bs\u0173 prane\u0161im\u0105 \"<a href=\"https:\/\/blog.mindthegraph.com\/flow-graphical-abstract\/\">Grafinis abstraktas: papildoma mylia<\/a>\" ir gauti m\u016bs\u0173 <a href=\"http:\/\/content.mindthegraph.com\/learn-how-to-make-science-infographics\">Elektronin\u0117 knyga<\/a> kaip kurti mokslines infografikas!<\/p>\n<p><a href=\"http:\/\/content.mindthegraph.com\/learn-how-to-make-science-infographics\"><img decoding=\"async\" loading=\"lazy\" class=\"aligncenter wp-image-6111\" src=\"https:\/\/blog.mindthegraph.com\/wp-content\/uploads\/2016\/02\/preview-63724f.png\" alt=\" Mokslas ir politika: kas apie tai?\" width=\"364\" height=\"79\" srcset=\"https:\/\/mindthegraph.com\/blog\/wp-content\/uploads\/2016\/02\/preview-63724f.png 1500w, https:\/\/mindthegraph.com\/blog\/wp-content\/uploads\/2016\/02\/preview-63724f-300x65.png 300w, https:\/\/mindthegraph.com\/blog\/wp-content\/uploads\/2016\/02\/preview-63724f-768x167.png 768w, https:\/\/mindthegraph.com\/blog\/wp-content\/uploads\/2016\/02\/preview-63724f-1024x223.png 1024w\" sizes=\"(max-width: 364px) 100vw, 364px\" \/><\/a><\/p>","protected":false},"excerpt":{"rendered":"<p>Prad\u0117kime nuo to, kad mokslas ir politika yra labai bloga prad\u017eia. Geresnis po\u017ei\u016bris b\u016bt\u0173 mokslas IR politika. Atrodo, kad kiekvien\u0105 kart\u0105, kai susiduriame su politikos interesais, turime pasirinkti pus\u0119. Ta\u010diau pagrindinis mokslo tikslas - ie\u0161koti daugiau informacijos, kad geriau suprastume mus supant\u012f pasaul\u012f ir tai, kaip [...]<\/p>","protected":false},"author":4,"featured_media":6543,"comment_status":"open","ping_status":"open","sticky":false,"template":"","format":"image","meta":[],"categories":[959,28],"tags":[96,250],"yoast_head":"<!-- This site is optimized with the Yoast SEO plugin v19.9 - https:\/\/yoast.com\/wordpress\/plugins\/seo\/ -->\n<title>Science versus politics: what about it? - Mind the Graph Blog<\/title>\n<meta name=\"description\" content=\"To begin with, science versus politics is a very bad start. A better approach would be science AND politics.\" \/>\n<meta name=\"robots\" content=\"index, follow, max-snippet:-1, max-image-preview:large, max-video-preview:-1\" \/>\n<link rel=\"canonical\" href=\"https:\/\/mindthegraph.com\/blog\/lt\/mokslas-ir-politika\/\" \/>\n<meta property=\"og:locale\" content=\"lt_LT\" \/>\n<meta property=\"og:type\" content=\"article\" \/>\n<meta property=\"og:title\" content=\"Science versus politics: what about it? - Mind the Graph Blog\" \/>\n<meta property=\"og:description\" content=\"To begin with, science versus politics is a very bad start. A better approach would be science AND politics.\" \/>\n<meta property=\"og:url\" content=\"https:\/\/mindthegraph.com\/blog\/lt\/mokslas-ir-politika\/\" \/>\n<meta property=\"og:site_name\" content=\"Mind the Graph Blog\" \/>\n<meta property=\"article:published_time\" content=\"2017-01-12T23:48:44+00:00\" \/>\n<meta property=\"article:modified_time\" content=\"2022-10-18T11:30:42+00:00\" \/>\n<meta property=\"og:image\" content=\"https:\/\/mindthegraph.com\/blog\/wp-content\/uploads\/2017\/01\/cordas.jpg\" \/>\n\t<meta property=\"og:image:width\" content=\"600\" \/>\n\t<meta property=\"og:image:height\" content=\"375\" \/>\n\t<meta property=\"og:image:type\" content=\"image\/jpeg\" \/>\n<meta name=\"author\" content=\"Fabricio Pamplona\" \/>\n<meta name=\"twitter:card\" content=\"summary_large_image\" \/>\n<meta name=\"twitter:label1\" content=\"Written by\" \/>\n\t<meta name=\"twitter:data1\" content=\"Fabricio Pamplona\" \/>\n\t<meta name=\"twitter:label2\" content=\"Est. reading time\" \/>\n\t<meta name=\"twitter:data2\" content=\"2 minutes\" \/>\n<!-- \/ Yoast SEO plugin. -->","yoast_head_json":{"title":"Science versus politics: what about it? - Mind the Graph Blog","description":"To begin with, science versus politics is a very bad start. A better approach would be science AND politics.","robots":{"index":"index","follow":"follow","max-snippet":"max-snippet:-1","max-image-preview":"max-image-preview:large","max-video-preview":"max-video-preview:-1"},"canonical":"https:\/\/mindthegraph.com\/blog\/lt\/mokslas-ir-politika\/","og_locale":"lt_LT","og_type":"article","og_title":"Science versus politics: what about it? - Mind the Graph Blog","og_description":"To begin with, science versus politics is a very bad start. A better approach would be science AND politics.","og_url":"https:\/\/mindthegraph.com\/blog\/lt\/mokslas-ir-politika\/","og_site_name":"Mind the Graph Blog","article_published_time":"2017-01-12T23:48:44+00:00","article_modified_time":"2022-10-18T11:30:42+00:00","og_image":[{"width":600,"height":375,"url":"https:\/\/mindthegraph.com\/blog\/wp-content\/uploads\/2017\/01\/cordas.jpg","type":"image\/jpeg"}],"author":"Fabricio Pamplona","twitter_card":"summary_large_image","twitter_misc":{"Written by":"Fabricio Pamplona","Est. reading time":"2 minutes"},"schema":{"@context":"https:\/\/schema.org","@graph":[{"@type":"WebPage","@id":"https:\/\/mindthegraph.com\/blog\/science-versus-politics\/","url":"https:\/\/mindthegraph.com\/blog\/science-versus-politics\/","name":"Science versus politics: what about it? - Mind the Graph Blog","isPartOf":{"@id":"https:\/\/mindthegraph.com\/blog\/#website"},"datePublished":"2017-01-12T23:48:44+00:00","dateModified":"2022-10-18T11:30:42+00:00","author":{"@id":"https:\/\/mindthegraph.com\/blog\/#\/schema\/person\/c8eaee6d8007ac319523c3ddc98cedd3"},"description":"To begin with, science versus politics is a very bad start. A better approach would be science AND politics.","breadcrumb":{"@id":"https:\/\/mindthegraph.com\/blog\/science-versus-politics\/#breadcrumb"},"inLanguage":"lt-LT","potentialAction":[{"@type":"ReadAction","target":["https:\/\/mindthegraph.com\/blog\/science-versus-politics\/"]}]},{"@type":"BreadcrumbList","@id":"https:\/\/mindthegraph.com\/blog\/science-versus-politics\/#breadcrumb","itemListElement":[{"@type":"ListItem","position":1,"name":"Home","item":"https:\/\/mindthegraph.com\/blog\/"},{"@type":"ListItem","position":2,"name":"Science versus politics: what about it?"}]},{"@type":"WebSite","@id":"https:\/\/mindthegraph.com\/blog\/#website","url":"https:\/\/mindthegraph.com\/blog\/","name":"Mind the Graph Blog","description":"Your science can be beautiful!","potentialAction":[{"@type":"SearchAction","target":{"@type":"EntryPoint","urlTemplate":"https:\/\/mindthegraph.com\/blog\/?s={search_term_string}"},"query-input":"required name=search_term_string"}],"inLanguage":"lt-LT"},{"@type":"Person","@id":"https:\/\/mindthegraph.com\/blog\/#\/schema\/person\/c8eaee6d8007ac319523c3ddc98cedd3","name":"Fabricio Pamplona","image":{"@type":"ImageObject","inLanguage":"lt-LT","@id":"https:\/\/mindthegraph.com\/blog\/#\/schema\/person\/image\/","url":"https:\/\/secure.gravatar.com\/avatar\/da6985d9f20ecb24f3238df103a638ac?s=96&d=mm&r=g","contentUrl":"https:\/\/secure.gravatar.com\/avatar\/da6985d9f20ecb24f3238df103a638ac?s=96&d=mm&r=g","caption":"Fabricio Pamplona"},"description":"Fabricio Pamplona is the founder of Mind the Graph - a tool used by over 400K users in 60 countries. He has a Ph.D. and solid scientific background in Psychopharmacology and experience as a Guest Researcher at the Max Planck Institute of Psychiatry (Germany) and Researcher in D'Or Institute for Research and Education (IDOR, Brazil). Fabricio holds over 2500 citations in Google Scholar. He has 10 years of experience in small innovative businesses, with relevant experience in product design and innovation management. Connect with him on LinkedIn - Fabricio Pamplona.","sameAs":["http:\/\/mindthegraph.com","https:\/\/www.linkedin.com\/in\/fabriciopamplona"],"url":"https:\/\/mindthegraph.com\/blog\/lt\/author\/fabricio\/"}]}},"_links":{"self":[{"href":"https:\/\/mindthegraph.com\/blog\/lt\/wp-json\/wp\/v2\/posts\/6539"}],"collection":[{"href":"https:\/\/mindthegraph.com\/blog\/lt\/wp-json\/wp\/v2\/posts"}],"about":[{"href":"https:\/\/mindthegraph.com\/blog\/lt\/wp-json\/wp\/v2\/types\/post"}],"author":[{"embeddable":true,"href":"https:\/\/mindthegraph.com\/blog\/lt\/wp-json\/wp\/v2\/users\/4"}],"replies":[{"embeddable":true,"href":"https:\/\/mindthegraph.com\/blog\/lt\/wp-json\/wp\/v2\/comments?post=6539"}],"version-history":[{"count":9,"href":"https:\/\/mindthegraph.com\/blog\/lt\/wp-json\/wp\/v2\/posts\/6539\/revisions"}],"predecessor-version":[{"id":6549,"href":"https:\/\/mindthegraph.com\/blog\/lt\/wp-json\/wp\/v2\/posts\/6539\/revisions\/6549"}],"wp:featuredmedia":[{"embeddable":true,"href":"https:\/\/mindthegraph.com\/blog\/lt\/wp-json\/wp\/v2\/media\/6543"}],"wp:attachment":[{"href":"https:\/\/mindthegraph.com\/blog\/lt\/wp-json\/wp\/v2\/media?parent=6539"}],"wp:term":[{"taxonomy":"category","embeddable":true,"href":"https:\/\/mindthegraph.com\/blog\/lt\/wp-json\/wp\/v2\/categories?post=6539"},{"taxonomy":"post_tag","embeddable":true,"href":"https:\/\/mindthegraph.com\/blog\/lt\/wp-json\/wp\/v2\/tags?post=6539"}],"curies":[{"name":"wp","href":"https:\/\/api.w.org\/{rel}","templated":true}]}}