{"id":55526,"date":"2024-09-26T11:46:43","date_gmt":"2024-09-26T14:46:43","guid":{"rendered":"https:\/\/mindthegraph.com\/blog\/how-do-icebergs-work-copy\/"},"modified":"2024-09-24T11:55:46","modified_gmt":"2024-09-24T14:55:46","slug":"visual-abstract-template","status":"publish","type":"post","link":"https:\/\/mindthegraph.com\/blog\/hu\/visual-abstract-template\/","title":{"rendered":"Vizu\u00e1lis absztrakt sablon: H\u00edvja fel a figyelmet a dolgozat\u00e1ra"},"content":{"rendered":"<p>A vizu\u00e1lis \u00f6sszefoglal\u00f3k a legjobb m\u00f3dja a tudom\u00e1nyos inform\u00e1ci\u00f3k bemutat\u00e1s\u00e1nak. Seg\u00edtenek az \u00f6sszetett tudom\u00e1nyos elveket a h\u00e9tk\u00f6znapi (nem tudom\u00e1nyos) olvas\u00f3 sz\u00e1m\u00e1ra is \u00e9rthet\u0151v\u00e9 tenni. Azonban tov\u00e1bbra is k\u00e9rd\u00e9ses: hol tal\u00e1lunk j\u00f3 vizu\u00e1lis \u00f6sszefoglal\u00f3 sablont? Nos, a Mind the graph itt van az \u00f6sszes sablonmegold\u00e1ssal, amire sz\u00fcks\u00e9ge van.<\/p>\n\n\n\n<p>Az Mind the Graph k\u00fcl\u00f6nb\u00f6z\u0151 kateg\u00f3ri\u00e1kba tartoz\u00f3 vizu\u00e1lis absztrakt sablonok gy\u0171jtem\u00e9ny\u00e9t fejlesztette ki, hogy seg\u00edtsen \u00d6nnek a legjobb grafik\u00e1k elk\u00e9sz\u00edt\u00e9s\u00e9ben a tudom\u00e1nyos k\u00f6z\u00f6ss\u00e9gben. Menj\u00fcnk v\u00e9gig egy\u00fctt a l\u00e9p\u00e9seken, \u00e9s k\u00e9sz\u00edts\u00fck el grafik\u00e1it a Mind The Graph vizu\u00e1lis absztrakt sablon seg\u00edts\u00e9g\u00e9vel.&nbsp;<\/p>\n\n\n\n<h2>A vizu\u00e1lis absztrakt sablon elemei<\/h2>\n\n\n\n<div style=\"height:18px\" aria-hidden=\"true\" class=\"wp-block-spacer\"><\/div>\n\n\n<div class=\"wp-block-image\">\n<figure class=\"aligncenter size-full is-resized\"><img decoding=\"async\" loading=\"lazy\" src=\"https:\/\/mindthegraph.com\/blog\/wp-content\/uploads\/2024\/09\/templates-2-graphical-abstract-template-preview-1.png\" alt=\"\" class=\"wp-image-55528\" width=\"714\" height=\"400\" srcset=\"https:\/\/mindthegraph.com\/blog\/wp-content\/uploads\/2024\/09\/templates-2-graphical-abstract-template-preview-1.png 500w, https:\/\/mindthegraph.com\/blog\/wp-content\/uploads\/2024\/09\/templates-2-graphical-abstract-template-preview-1-300x168.png 300w, https:\/\/mindthegraph.com\/blog\/wp-content\/uploads\/2024\/09\/templates-2-graphical-abstract-template-preview-1-18x10.png 18w, https:\/\/mindthegraph.com\/blog\/wp-content\/uploads\/2024\/09\/templates-2-graphical-abstract-template-preview-1-100x56.png 100w\" sizes=\"(max-width: 714px) 100vw, 714px\" \/><figcaption class=\"wp-element-caption\"><a href=\"https:\/\/mindthegraph.com\/infographic-templates\/templates-2\/\">Vizu\u00e1lis absztrakt sablon el\u00e9rhet\u0151 a gal\u00e9ri\u00e1nkban<\/a><\/figcaption><\/figure><\/div>\n\n\n<div style=\"height:18px\" aria-hidden=\"true\" class=\"wp-block-spacer\"><\/div>\n\n\n\n<h3>C\u00edm<\/h3>\n\n\n\n<p>\u00cdrja le a tanulm\u00e1nya c\u00edm\u00e9t f\u0151c\u00edmk\u00e9nt. A c\u00edmnek a lehet\u0151 legegy\u00e9rtelm\u0171bbnek kell lennie. Az Mind the Graph sablon lehet\u0151s\u00e9get ad arra is, hogy tov\u00e1bbi sz\u00f6veget adjon hozz\u00e1 feliratk\u00e9nt. Ha a sablon nem jelen\u00edti meg a lehet\u0151s\u00e9get, akkor az oldals\u00f3 eszk\u00f6zt\u00e1rb\u00f3l is hozz\u00e1adhat\u00f3 \"Sz\u00f6veg hozz\u00e1ad\u00e1sa\" A feliratnak a tanulm\u00e1ny r\u00f6vid verseny\u00e9t kell ny\u00fajtania az olvas\u00f3 sz\u00e1m\u00e1ra.&nbsp;<\/p>\n\n\n\n<h3>C\u00e9l<\/h3>\n\n\n\n<p>A k\u00fcl\u00f6nb\u00f6z\u0151 vizu\u00e1lis elemek elrendez\u00e9se k\u00f6zben \u00fcgyeljen arra, hogy a tanulm\u00e1ny c\u00e9lja egy\u00e9rtelm\u0171en szerepeljen a sz\u00f6vegben. M\u00edg a m\u00f3dszert, az eredm\u00e9nyt \u00e9s a megfigyel\u00e9st a k\u00fcl\u00f6nb\u00f6z\u0151 c\u00edmsorokban (1-4) hajlamosak vagyunk le\u00edrni, ne hagyjuk ki az absztrakt c\u00e9lj\u00e1t.&nbsp;<\/p>\n\n\n\n<h3>Kulcspontok<\/h3>\n\n\n\n<p>Az alapvet\u0151 gondolatok vagy meg\u00e1llap\u00edt\u00e1sok k\u00fcl\u00f6nb\u00f6z\u0151 c\u00edmsorok alatt szerepelhetnek. Haszn\u00e1ljon t\u00f6m\u00f6r felsorol\u00e1spontokat, amelyek kiemelik a f\u0151 \u00fczenetet.<\/p>\n\n\n\n<h3>Vizu\u00e1lis elemek<\/h3>\n\n\n\n<p>Az Mind the Graph vizu\u00e1lis absztrakt sablonjai lehet\u0151v\u00e9 teszik, hogy hozz\u00e1f\u00e9rjen a kifejezetten a tudom\u00e1nyos k\u00f6z\u00f6ss\u00e9g sz\u00e1m\u00e1ra k\u00e9sz\u00edtett ikonok \u00e9s illusztr\u00e1ci\u00f3k hatalmas adatb\u00e1zis\u00e1hoz. K\u00e9pek, ikonok vagy grafik\u00e1k haszn\u00e1lata a kulcsfontoss\u00e1g\u00fa inform\u00e1ci\u00f3k bemutat\u00e1s\u00e1ra. Molekul\u00e1ris k\u00f6nyvt\u00e1rral is rendelkez\u00fcnk a k\u00e9miai szerkezetek hozz\u00e1ad\u00e1s\u00e1hoz.&nbsp;<\/p>\n\n\n\n<p>A kutat\u00e1s hangs\u00falyoz\u00e1s\u00e1ra vonz\u00f3, a tartalomhoz igazod\u00f3 sz\u00edns\u00e9m\u00e1k haszn\u00e1lhat\u00f3k. A nagyszer\u0171 h\u00e1tt\u00e9r opci\u00f3kkal megv\u00e1ltoztathatja a sz\u00ednt \u00e9s annak \u00e1tl\u00e1that\u00f3s\u00e1g\u00e1t, hogy megfeleljen a grafik\u00e1k \u00e9s ikonok st\u00edlus\u00e1nak.&nbsp;<\/p>\n\n\n\n<h4>Fontolja meg a j\u00f3 olvashat\u00f3s\u00e1g\u00fa bet\u0171t\u00edpusok haszn\u00e1lat\u00e1t<\/h4>\n\n\n\n<p>A bet\u0171t\u00edpusok kiv\u00e1laszt\u00e1sa egy vizu\u00e1lis absztrakthoz szint\u00e9n nagyon fontos. A sablon a tervez\u0151 szerint a legjobban kiv\u00e1lasztott bet\u0171t\u00edpus-st\u00edlust adja meg. Azonban mindig lehet olyat v\u00e1lasztani, amit a kutat\u00f3csoportod azonos\u00edt\u00f3jak\u00e9nt vagy a konferenci\u00e1d, illetve az egyetem k\u00f6vetelm\u00e9nyeik\u00e9nt haszn\u00e1lsz. Egyes foly\u00f3iratok is megadhatj\u00e1k a vizu\u00e1lis grafik\u00e1ra vonatkoz\u00f3 el\u0151\u00edr\u00e1sokat.&nbsp;<\/p>\n\n\n\n<p>Szeretne vizu\u00e1lis blogbejegyz\u00e9st k\u00e9sz\u00edteni a k\u00f6z\u00f6ss\u00e9gi m\u00e9di\u00e1hoz, k\u00e9rj\u00fck, olvassa el cikk\u00fcnket. <a href=\"https:\/\/mindthegraph.com\/blog\/visual-abstracts-on-twitter-social-media-beyond-the-social\/\">itt<\/a>. A tervez\u00e9si elemekr\u0151l \u00e9s kiv\u00e1laszt\u00e1sukr\u00f3l itt olvashat b\u0151vebben.<\/p>\n\n\n\n<p>Ha a kutat\u00e1s\u00e1t diagramokkal vagy grafikonokkal kell bemutatni, akkor azokat k\u00e9pk\u00e9nt felt\u00f6ltheti \u00e9s beillesztheti. Az eszk\u00f6zt\u00e1ron egyszer\u0171 grafikonok l\u00e9trehoz\u00e1s\u00e1ra is van lehet\u0151s\u00e9g.&nbsp;<\/p>\n\n\n\n<h2>L\u00e9p\u00e9senk\u00e9nti \u00fatmutat\u00f3 az Mind the Graph vizu\u00e1lis absztrakt sablon haszn\u00e1lat\u00e1hoz<\/h2>\n\n\n\n<p><strong>1. l\u00e9p\u00e9s:<\/strong> Hozzon l\u00e9tre fi\u00f3kot az Mind the Graph-n\u00e9l a<a href=\"https:\/\/mindthegraph.com\/?utm_source=blog&amp;utm_medium=content\" target=\"_blank\" rel=\"noreferrer noopener\"> Mind the Graph<\/a> weboldal.<\/p>\n\n\n\n<p><strong>2. l\u00e9p\u00e9s: <\/strong>V\u00e1lassza ki a men\u00fcsorb\u00f3l az \"Infografika sablon\" men\u00fcpontot.<\/p>\n\n\n\n<p><strong>3. l\u00e9p\u00e9s:<\/strong> V\u00e1lassza ki, hogy milyen t\u00edpus\u00fa vizu\u00e1lis grafik\u00e1t szeretne k\u00e9sz\u00edteni a tervez\u0151ink \u00e1ltal biztos\u00edtott sz\u00e9les v\u00e1laszt\u00e9kb\u00f3l: vizu\u00e1lis absztraktok\/grafikai absztraktok, poszterek, infografik\u00e1k \u00e9s m\u00e9g sok m\u00e1s.<\/p>\n\n\n\n<div style=\"height:18px\" aria-hidden=\"true\" class=\"wp-block-spacer\"><\/div>\n\n\n<div class=\"wp-block-image\">\n<figure class=\"aligncenter size-full is-resized\"><img decoding=\"async\" loading=\"lazy\" src=\"https:\/\/mindthegraph.com\/blog\/wp-content\/uploads\/2022\/08\/templates-group.png\" alt=\"sablonok-csoport\" class=\"wp-image-19578\" width=\"419\" height=\"484\" srcset=\"https:\/\/mindthegraph.com\/blog\/wp-content\/uploads\/2022\/08\/templates-group.png 423w, https:\/\/mindthegraph.com\/blog\/wp-content\/uploads\/2022\/08\/templates-group-260x300.png 260w, https:\/\/mindthegraph.com\/blog\/wp-content\/uploads\/2022\/08\/templates-group-87x100.png 87w\" sizes=\"(max-width: 419px) 100vw, 419px\" \/><\/figure><\/div>\n\n\n<div style=\"height:18px\" aria-hidden=\"true\" class=\"wp-block-spacer\"><\/div>\n\n\n\n<p><strong>4. l\u00e9p\u00e9s: <\/strong>V\u00e1lassza ki a sablont, \u00e9s egy \u00faj ablak ny\u00edlik meg. A felhaszn\u00e1l\u00f3bar\u00e1t munkaeszk\u00f6z\u00f6kkel testre szabhatja a sablon c\u00edm\u00e9t, sz\u00edn\u00e9t, ikonjait \u00e9s sz\u00f6veg\u00e9t. <\/p>\n\n\n\n<p><strong>5. l\u00e9p\u00e9s:<\/strong> D\u0151lj\u00f6n h\u00e1tra, pihenjen \u00e9s induljon! A k\u00f6vetkez\u0151 n\u00e9h\u00e1ny percben k\u00e9szen \u00e1ll a kutat\u00e1s\u00e1nak kiv\u00e1l\u00f3 \u00e1br\u00e1zol\u00e1s\u00e1val, mint vizu\u00e1lis absztrakt.&nbsp;<\/p>\n\n\n\n<div style=\"height:18px\" aria-hidden=\"true\" class=\"wp-block-spacer\"><\/div>\n\n\n\n<h2>Nem tal\u00e1lta meg a k\u00edv\u00e1nt illusztr\u00e1ci\u00f3t? Megtervezz\u00fck \u00d6nnek!<\/h2>\n\n\n\n<p>Az oldals\u00f3 eszk\u00f6zt\u00e1r v\u00e9g\u00e9n tal\u00e1lhat\u00f3 \"illusztr\u00e1ci\u00f3 k\u00e9r\u00e9se\" gombbal konkr\u00e9t illusztr\u00e1ci\u00f3t k\u00e9rhet a vizu\u00e1lis absztrakt sablonj\u00e1hoz. Ahogyan azt m\u00e1r sok kutat\u00f3 sz\u00e1m\u00e1ra megtett\u00fck, mi is k\u00e9sz\u00edthet\u00fcnk \u00d6nnek szem\u00e9lyre szabott megold\u00e1sokat, hogy prezent\u00e1ci\u00f3ja szem\u00e9lyre szabott legyen. L\u00e9pjen kapcsolatba vel\u00fcnk, \u00e9s besz\u00e9lje meg ig\u00e9nyeit. Csapatunk a lehet\u0151 leghamarabb felveszi \u00d6nnel a kapcsolatot!<\/p>\n\n\n\n<p>Legyen r\u00e9sze a <a href=\"https:\/\/mindthegraph.com\/?utm_source=blog&amp;utm_medium=content\" target=\"_blank\" rel=\"noreferrer noopener\">Mind the Graph<\/a> k\u00f6z\u00f6ss\u00e9g \u00e9s l\u00e9pjen be vel\u00fcnk a tudom\u00e1nyos grafika vil\u00e1g\u00e1ba! L\u00e9pjen be, \u00e9s minimaliz\u00e1lja a vizu\u00e1lis absztraktok elk\u00e9sz\u00edt\u00e9s\u00e9re ford\u00edtott id\u0151t.<\/p>\n\n\n\n<div style=\"height:18px\" aria-hidden=\"true\" class=\"wp-block-spacer\"><\/div>\n\n\n<div class=\"wp-block-image\">\n<figure class=\"aligncenter size-full\"><a href=\"https:\/\/mindthegraph.com\/?utm_source=blog&amp;utm_medium=content\"><img decoding=\"async\" loading=\"lazy\" width=\"517\" height=\"250\" src=\"https:\/\/mindthegraph.com\/blog\/wp-content\/uploads\/2023\/03\/illustrations-banner.webp\" alt=\"illusztr\u00e1ci\u00f3k-banner\" class=\"wp-image-27276\" srcset=\"https:\/\/mindthegraph.com\/blog\/wp-content\/uploads\/2023\/03\/illustrations-banner.webp 517w, https:\/\/mindthegraph.com\/blog\/wp-content\/uploads\/2023\/03\/illustrations-banner-300x145.webp 300w, https:\/\/mindthegraph.com\/blog\/wp-content\/uploads\/2023\/03\/illustrations-banner-18x9.webp 18w, https:\/\/mindthegraph.com\/blog\/wp-content\/uploads\/2023\/03\/illustrations-banner-100x48.webp 100w\" sizes=\"(max-width: 517px) 100vw, 517px\" \/><\/a><\/figure><\/div>\n\n\n<div style=\"height:18px\" aria-hidden=\"true\" class=\"wp-block-spacer\"><\/div>\n\n\n\n<div class=\"is-layout-flex wp-block-buttons\">\n<div class=\"wp-block-button aligncenter\"><a class=\"wp-block-button__link has-background wp-element-button\" href=\"https:\/\/mindthegraph.com\/?utm_source=blog&amp;utm_medium=content\" style=\"border-radius:50px;background-color:#dc1866\" target=\"_blank\" rel=\"noreferrer noopener\">Kezdjen alkotni az Mind the Graph-vel<\/a><\/div>\n<\/div>\n\n\n\n<div style=\"height:44px\" aria-hidden=\"true\" class=\"wp-block-spacer\"><\/div>","protected":false},"excerpt":{"rendered":"<p>Hogyan m\u0171k\u00f6dnek a j\u00e9ghegyek? Fedezze fel a j\u00e9ghegyek rejtett dinamik\u00e1j\u00e1t: a kialakul\u00e1st\u00f3l az \u00e9ghajlatra \u00e9s az \u00f6kosziszt\u00e9m\u00e1kra gyakorolt hat\u00e1sig.<\/p>","protected":false},"author":42,"featured_media":55529,"comment_status":"closed","ping_status":"closed","sticky":false,"template":"","format":"standard","meta":[],"categories":[1000,844,66,958,999,850],"tags":[],"yoast_head":"<!-- This site is optimized with the Yoast SEO plugin v19.9 - https:\/\/yoast.com\/wordpress\/plugins\/seo\/ -->\n<title>Visual Abstract Template: Draw Attention to Your Paper<\/title>\n<meta name=\"description\" content=\"Enhance your design projects with a sleek visual abstract template. Perfect for impactful presentations and creative work.\" \/>\n<meta name=\"robots\" content=\"index, follow, max-snippet:-1, max-image-preview:large, max-video-preview:-1\" \/>\n<link rel=\"canonical\" href=\"https:\/\/mindthegraph.com\/blog\/hu\/visual-abstract-template\/\" \/>\n<meta property=\"og:locale\" content=\"hu_HU\" \/>\n<meta property=\"og:type\" content=\"article\" \/>\n<meta property=\"og:title\" content=\"Visual Abstract Template: Draw Attention to Your Paper\" \/>\n<meta property=\"og:description\" content=\"Enhance your design projects with a sleek visual abstract template. Perfect for impactful presentations and creative work.\" \/>\n<meta property=\"og:url\" content=\"https:\/\/mindthegraph.com\/blog\/hu\/visual-abstract-template\/\" \/>\n<meta property=\"og:site_name\" content=\"Mind the Graph Blog\" \/>\n<meta property=\"article:published_time\" content=\"2024-09-26T14:46:43+00:00\" \/>\n<meta property=\"article:modified_time\" content=\"2024-09-24T14:55:46+00:00\" \/>\n<meta property=\"og:image\" content=\"https:\/\/mindthegraph.com\/blog\/wp-content\/uploads\/2024\/09\/visual-abstract-template.jpg\" \/>\n\t<meta property=\"og:image:width\" content=\"1123\" \/>\n\t<meta property=\"og:image:height\" content=\"612\" \/>\n\t<meta property=\"og:image:type\" content=\"image\/jpeg\" \/>\n<meta name=\"author\" content=\"Purv Desai\" \/>\n<meta name=\"twitter:card\" content=\"summary_large_image\" \/>\n<meta name=\"twitter:title\" content=\"Visual Abstract Template: Draw Attention to Your Paper\" \/>\n<meta name=\"twitter:description\" content=\"Enhance your design projects with a sleek visual abstract template. Perfect for impactful presentations and creative work.\" \/>\n<meta name=\"twitter:image\" content=\"https:\/\/mindthegraph.com\/blog\/wp-content\/uploads\/2024\/09\/visual-abstract-template.jpg\" \/>\n<meta name=\"twitter:label1\" content=\"Written by\" \/>\n\t<meta name=\"twitter:data1\" content=\"Purv Desai\" \/>\n\t<meta name=\"twitter:label2\" content=\"Est. reading time\" \/>\n\t<meta name=\"twitter:data2\" content=\"4 minutes\" \/>\n<!-- \/ Yoast SEO plugin. -->","yoast_head_json":{"title":"Visual Abstract Template: Draw Attention to Your Paper","description":"Enhance your design projects with a sleek visual abstract template. Perfect for impactful presentations and creative work.","robots":{"index":"index","follow":"follow","max-snippet":"max-snippet:-1","max-image-preview":"max-image-preview:large","max-video-preview":"max-video-preview:-1"},"canonical":"https:\/\/mindthegraph.com\/blog\/hu\/visual-abstract-template\/","og_locale":"hu_HU","og_type":"article","og_title":"Visual Abstract Template: Draw Attention to Your Paper","og_description":"Enhance your design projects with a sleek visual abstract template. Perfect for impactful presentations and creative work.","og_url":"https:\/\/mindthegraph.com\/blog\/hu\/visual-abstract-template\/","og_site_name":"Mind the Graph Blog","article_published_time":"2024-09-26T14:46:43+00:00","article_modified_time":"2024-09-24T14:55:46+00:00","og_image":[{"width":1123,"height":612,"url":"https:\/\/mindthegraph.com\/blog\/wp-content\/uploads\/2024\/09\/visual-abstract-template.jpg","type":"image\/jpeg"}],"author":"Purv Desai","twitter_card":"summary_large_image","twitter_title":"Visual Abstract Template: Draw Attention to Your Paper","twitter_description":"Enhance your design projects with a sleek visual abstract template. Perfect for impactful presentations and creative work.","twitter_image":"https:\/\/mindthegraph.com\/blog\/wp-content\/uploads\/2024\/09\/visual-abstract-template.jpg","twitter_misc":{"Written by":"Purv Desai","Est. reading time":"4 minutes"},"schema":{"@context":"https:\/\/schema.org","@graph":[{"@type":"WebPage","@id":"https:\/\/mindthegraph.com\/blog\/visual-abstract-template\/","url":"https:\/\/mindthegraph.com\/blog\/visual-abstract-template\/","name":"Visual Abstract Template: Draw Attention to Your Paper","isPartOf":{"@id":"https:\/\/mindthegraph.com\/blog\/#website"},"datePublished":"2024-09-26T14:46:43+00:00","dateModified":"2024-09-24T14:55:46+00:00","author":{"@id":"https:\/\/mindthegraph.com\/blog\/#\/schema\/person\/c660cd03c00623aa59206717420adf00"},"description":"Enhance your design projects with a sleek visual abstract template. Perfect for impactful presentations and creative work.","breadcrumb":{"@id":"https:\/\/mindthegraph.com\/blog\/visual-abstract-template\/#breadcrumb"},"inLanguage":"hu-HU","potentialAction":[{"@type":"ReadAction","target":["https:\/\/mindthegraph.com\/blog\/visual-abstract-template\/"]}]},{"@type":"BreadcrumbList","@id":"https:\/\/mindthegraph.com\/blog\/visual-abstract-template\/#breadcrumb","itemListElement":[{"@type":"ListItem","position":1,"name":"Home","item":"https:\/\/mindthegraph.com\/blog\/"},{"@type":"ListItem","position":2,"name":"Visual Abstract Template: Draw Attention to Your Paper"}]},{"@type":"WebSite","@id":"https:\/\/mindthegraph.com\/blog\/#website","url":"https:\/\/mindthegraph.com\/blog\/","name":"Mind the Graph Blog","description":"Your science can be beautiful!","potentialAction":[{"@type":"SearchAction","target":{"@type":"EntryPoint","urlTemplate":"https:\/\/mindthegraph.com\/blog\/?s={search_term_string}"},"query-input":"required name=search_term_string"}],"inLanguage":"hu-HU"},{"@type":"Person","@id":"https:\/\/mindthegraph.com\/blog\/#\/schema\/person\/c660cd03c00623aa59206717420adf00","name":"Purv Desai","image":{"@type":"ImageObject","inLanguage":"hu-HU","@id":"https:\/\/mindthegraph.com\/blog\/#\/schema\/person\/image\/","url":"https:\/\/secure.gravatar.com\/avatar\/93a8ade2dd4e3c9c742481099a56443c?s=96&d=mm&r=g","contentUrl":"https:\/\/secure.gravatar.com\/avatar\/93a8ade2dd4e3c9c742481099a56443c?s=96&d=mm&r=g","caption":"Purv Desai"},"url":"https:\/\/mindthegraph.com\/blog\/hu\/author\/purvi\/"}]}},"_links":{"self":[{"href":"https:\/\/mindthegraph.com\/blog\/hu\/wp-json\/wp\/v2\/posts\/55526"}],"collection":[{"href":"https:\/\/mindthegraph.com\/blog\/hu\/wp-json\/wp\/v2\/posts"}],"about":[{"href":"https:\/\/mindthegraph.com\/blog\/hu\/wp-json\/wp\/v2\/types\/post"}],"author":[{"embeddable":true,"href":"https:\/\/mindthegraph.com\/blog\/hu\/wp-json\/wp\/v2\/users\/42"}],"replies":[{"embeddable":true,"href":"https:\/\/mindthegraph.com\/blog\/hu\/wp-json\/wp\/v2\/comments?post=55526"}],"version-history":[{"count":3,"href":"https:\/\/mindthegraph.com\/blog\/hu\/wp-json\/wp\/v2\/posts\/55526\/revisions"}],"predecessor-version":[{"id":55534,"href":"https:\/\/mindthegraph.com\/blog\/hu\/wp-json\/wp\/v2\/posts\/55526\/revisions\/55534"}],"wp:featuredmedia":[{"embeddable":true,"href":"https:\/\/mindthegraph.com\/blog\/hu\/wp-json\/wp\/v2\/media\/55529"}],"wp:attachment":[{"href":"https:\/\/mindthegraph.com\/blog\/hu\/wp-json\/wp\/v2\/media?parent=55526"}],"wp:term":[{"taxonomy":"category","embeddable":true,"href":"https:\/\/mindthegraph.com\/blog\/hu\/wp-json\/wp\/v2\/categories?post=55526"},{"taxonomy":"post_tag","embeddable":true,"href":"https:\/\/mindthegraph.com\/blog\/hu\/wp-json\/wp\/v2\/tags?post=55526"}],"curies":[{"name":"wp","href":"https:\/\/api.w.org\/{rel}","templated":true}]}}