{"id":29212,"date":"2023-08-26T10:31:07","date_gmt":"2023-08-26T13:31:07","guid":{"rendered":"https:\/\/mindthegraph.com\/blog\/types-of-sampling-copy\/"},"modified":"2024-06-14T14:33:48","modified_gmt":"2024-06-14T17:33:48","slug":"components-of-a-literature-review","status":"publish","type":"post","link":"https:\/\/mindthegraph.com\/blog\/hu\/components-of-a-literature-review\/","title":{"rendered":"A szakirodalmi \u00e1ttekint\u00e9s alapvet\u0151 \u00f6sszetev\u0151i"},"content":{"rendered":"<p>Az irodalmi \u00e1ttekint\u00e9s a tudom\u00e1nyos kutat\u00e1s sarokk\u00f6ve, mivel alapos \u00e1ttekint\u00e9st \u00e9s kritikai elemz\u00e9st ny\u00fajt az adott t\u00e9m\u00e1ban kor\u00e1bban megjelent tudom\u00e1nyos munk\u00e1k tartalm\u00e1r\u00f3l. Ahogy a tud\u00f3sok elindulnak intellektu\u00e1lis \u00fatjukon, egyre fontosabb\u00e1 v\u00e1lik a hat\u00e9kony \u00e9s meggy\u0151z\u0151 irodalmi \u00e1ttekint\u00e9s l\u00e9trehoz\u00e1s\u00e1nak kulcsfontoss\u00e1g\u00fa \u00f6sszetev\u0151inek meg\u00e9rt\u00e9se.<\/p>\n\n\n\n<p>A szakirodalmi \u00e1ttekint\u00e9s alapvet\u0151 \u00f6sszetev\u0151it ebben a cikkben r\u00e9szletesen megvizsg\u00e1ljuk. A kutat\u00f3k jav\u00edthatj\u00e1k munk\u00e1juk min\u0151s\u00e9g\u00e9t \u00e9s hiteless\u00e9g\u00e9t, jelent\u0151sen n\u00f6velhetik a jelenlegi tud\u00e1s \u00e9rt\u00e9k\u00e9t, \u00e9s er\u0151s alapot teremthetnek a j\u00f6v\u0151beli kutat\u00e1sokhoz, ha alaposan ismerik ezeket az \u00f6sszetev\u0151ket.<\/p>\n\n\n\n<h2 id=\"h-what-is-a-literature-review\">Mi az a szakirodalmi \u00e1ttekint\u00e9s?<\/h2>\n\n\n\n<p>A szakirodalmi \u00e1ttekint\u00e9s egy adott kutat\u00e1si t\u00e9m\u00e1hoz vagy k\u00e9rd\u00e9shez kapcsol\u00f3d\u00f3, kor\u00e1bban megjelent tudom\u00e1nyos munk\u00e1k kritikus \u00e9s alapos vizsg\u00e1lata, bele\u00e9rtve a k\u00f6nyveket, foly\u00f3iratokat, disszert\u00e1ci\u00f3kat \u00e9s konferencia-el\u0151ad\u00e1sokat. Tud\u00e1sszint\u00e9zisk\u00e9nt szolg\u00e1l, \u00e1ttekint\u00e9st \u00e9s \u00e9rt\u00e9kel\u00e9st ad egy adott ter\u00fcleten vagy t\u00e9mak\u00f6rben megl\u00e9v\u0151 szakirodalomr\u00f3l.<\/p>\n\n\n\n<p>A szakirodalmi \u00e1ttekint\u00e9s f\u0151 c\u00e9lja a megl\u00e9v\u0151 szakirodalomban megfogalmazott legfontosabb k\u00f6vetkeztet\u00e9sek, koncepci\u00f3k, elm\u00e9letek, m\u00f3dszerek \u00e9s ellentmond\u00e1sok azonos\u00edt\u00e1sa, vizsg\u00e1lata \u00e9s \u00f6sszefoglal\u00e1sa. Megpr\u00f3b\u00e1lja meghat\u00e1rozni a megl\u00e9v\u0151 tud\u00e1sszintet, azonos\u00edtani a hi\u00e1nyoss\u00e1gokat vagy ellentmond\u00e1sokat, \u00e9s r\u00e1mutatni azokra a ter\u00fcletekre, amelyek tov\u00e1bbi kutat\u00e1st ig\u00e9nyelnek.&nbsp;<\/p>\n\n\n\n<p>A relev\u00e1ns forr\u00e1sok alapos felkutat\u00e1sa, \u00e9rt\u00e9k\u00fck kritikus \u00e9rt\u00e9kel\u00e9se, valamint az adatok szervezett \u00e9s koherens szint\u00e9zis\u00e9nek megalkot\u00e1sa mind-mind a j\u00f3l v\u00e9gzett irodalmi \u00e1ttekint\u00e9s \u00f6sszetev\u0151i. Seg\u00edt a kutat\u00f3knak elhelyezni saj\u00e1t munk\u00e1jukat a t\u00e1gabb tudom\u00e1nyos kontextusban, azonos\u00edtani a kezelend\u0151 kutat\u00e1si k\u00e9rd\u00e9seket vagy hi\u00e1nyoss\u00e1gokat, \u00e9s a megl\u00e9v\u0151 ismeretekre \u00e9p\u00edteni.<\/p>\n\n\n\n<p>A kutat\u00f3k emellett bizony\u00edthatj\u00e1k a t\u00e9m\u00e1ban val\u00f3 j\u00e1rtass\u00e1gukat, megmutathatj\u00e1k, hogy \u00e9rtik a vonatkoz\u00f3 elm\u00e9leteket \u00e9s fogalmakat, \u00e9s a szakirodalmi \u00e1ttekint\u00e9s r\u00e9v\u00e9n megalapozhatj\u00e1k saj\u00e1t kutat\u00e1suk elm\u00e9leti keret\u00e9t. Haszn\u00e1lhat\u00f3 a m\u00e1r megjelent munk\u00e1k kritikai feldolgoz\u00e1s\u00e1ra, m\u00e1s n\u00e9z\u0151pontok \u00e9rt\u00e9kel\u00e9s\u00e9re, \u00e9s az adott t\u00e9m\u00e1n bel\u00fcli intellektu\u00e1lis vit\u00e1hoz val\u00f3 hozz\u00e1j\u00e1rul\u00e1shoz.<\/p>\n\n\n\n<h2 id=\"h-purpose-of-a-literature-review\">A szakirodalmi \u00e1ttekint\u00e9s c\u00e9lja<\/h2>\n\n\n\n<p>A szakirodalmi \u00e1ttekint\u00e9s c\u00e9lja, hogy egy adott t\u00e9m\u00e1val kapcsolatos megl\u00e9v\u0151 ismeretek, kutat\u00e1sok \u00e9s tudom\u00e1nyos irodalom m\u00e9lyrehat\u00f3 \u00e1ttekint\u00e9s\u00e9t \u00e9s elemz\u00e9s\u00e9t ny\u00fajtsa. Sz\u00e1mos alapvet\u0151 c\u00e9lt teljes\u00edt tudom\u00e1nyos \u00e9s kutat\u00e1si kontextusban, t\u00f6bbek k\u00f6z\u00f6tt a k\u00f6vetkez\u0151ket:<\/p>\n\n\n\n<ul>\n<li>A jelenlegi ismeretek \u00f6sszegz\u00e9s\u00e9vel \u00e9s a hi\u00e1nyoss\u00e1gok azonos\u00edt\u00e1s\u00e1val meghat\u00e1rozza az \u00f6sszef\u00fcgg\u00e9seket.<\/li>\n\n\n\n<li>Meghat\u00e1rozza a tov\u00e1bbi vizsg\u00e1latot ig\u00e9nyl\u0151 ter\u00fcleteket.<\/li>\n\n\n\n<li>\u00c9rt\u00e9keli a megl\u00e9v\u0151 kutat\u00e1sok min\u0151s\u00e9g\u00e9t.<\/li>\n\n\n\n<li>Az \u00fajszer\u0171s\u00e9g biztos\u00edt\u00e1s\u00e1val megakad\u00e1lyozza a m\u00e1sol\u00e1st \u00e9s a pl\u00e1giumot.<\/li>\n\n\n\n<li>T\u00e1mogatja az elm\u00e9leti kereteket \u00e9s hipot\u00e9ziseket.<\/li>\n\n\n\n<li>A megl\u00e9v\u0151 tud\u00e1s sz\u00e1mos forr\u00e1s\u00e1t szintetiz\u00e1lja \u00e9s \u00f6sszefoglalja.<\/li>\n\n\n\n<li>T\u00e1j\u00e9koztatja a kutat\u00e1sm\u00f3dszertani d\u00f6nt\u00e9seket.<\/li>\n\n\n\n<li>Ir\u00e1ny\u00edtja a kutat\u00e1si tanulm\u00e1ny ir\u00e1ny\u00e1t.<\/li>\n<\/ul>\n\n\n\n<h2 id=\"h-examples-of-literature-reviews\">P\u00e9ld\u00e1k a szakirodalmi \u00e1ttekint\u00e9sekre<\/h2>\n\n\n\n<p>\u00cdme n\u00e9h\u00e1ny p\u00e9lda a szakirodalmi \u00e1ttekint\u00e9sekre:<\/p>\n\n\n\n<h3 id=\"h-posttransplantation-diabetes-a-systematic-literature-review\"><a href=\"https:\/\/diabetesjournals.org\/care\/article\/25\/3\/583\/22010\/Posttransplantation-DiabetesA-systematic-review-of\">Transzplant\u00e1ci\u00f3 ut\u00e1ni cukorbetegs\u00e9g: A Systematic Literature Review<\/a><\/h3>\n\n\n\n<p>E szisztematikus irodalmi \u00e1ttekint\u00e9s c\u00e9lja, hogy alaposan megvizsg\u00e1lja a transzplant\u00e1ci\u00f3 ut\u00e1ni diab\u00e9tesz (PTD) jelenlegi szakirodalm\u00e1t. Az \u00e1ttekint\u00e9s f\u0151 c\u00e9lkit\u0171z\u00e9sei a legjobb kezel\u00e9si gyakorlatok vizsg\u00e1lata \u00e9s a PTD el\u0151fordul\u00e1s\u00e1nak, valamint kock\u00e1zati t\u00e9nyez\u0151inek \u00e9s prognosztikai vonatkoz\u00e1sainak \u00e1tfog\u00f3 \u00e9rt\u00e9kel\u00e9se. Ez az \u00e1ttekint\u00e9s a PTD-vel kapcsolatos ismeretek b\u0151v\u00edt\u00e9s\u00e9re \u00e9s a transzplant\u00e1ci\u00f3s k\u00f6rnyezetben t\u00f6rt\u00e9n\u0151 betegkezel\u00e9s jav\u00edt\u00e1s\u00e1ra t\u00f6rekszik a vonatkoz\u00f3 tanulm\u00e1nyok integr\u00e1l\u00e1s\u00e1val \u00e9s \u00e9rt\u00e9kel\u00e9s\u00e9vel.<\/p>\n\n\n\n<h3 id=\"h-child-well-being-a-systematic-review-of-the-literature\"><a href=\"https:\/\/link.springer.com\/article\/10.1023\/A:1021284215801\">Gyermekek j\u00f3l\u00e9te: A szakirodalom szisztematikus \u00e1ttekint\u00e9se<\/a><\/h3>\n\n\n\n<p>Ez a szisztematikus irodalmi \u00e1ttekint\u00e9s a megl\u00e9v\u0151 angol nyelv\u0171 szakirodalom vizsg\u00e1lat\u00e1val \u00e1tfog\u00f3 \u00e9rt\u00e9kel\u00e9st ny\u00fajt a gyermekj\u00f3l\u00e9ttel kapcsolatos kutat\u00e1sok jelenlegi helyzet\u00e9r\u0151l. Az \u00e1ttekint\u00e9s olyan kulcsfontoss\u00e1g\u00fa kutat\u00e1si k\u00e9rd\u00e9sekkel foglalkozik, mint a gyermekj\u00f3l\u00e9t meghat\u00e1roz\u00e1sa, a gyermekj\u00f3l\u00e9thez hozz\u00e1j\u00e1rul\u00f3 ter\u00fcletek, a gyermekj\u00f3l\u00e9t m\u00e9r\u00e9s\u00e9re haszn\u00e1lt mutat\u00f3k \u00e9s a gyermekj\u00f3l\u00e9t m\u00e9r\u00e9s\u00e9re alkalmazott m\u00f3dszerek. Az \u00e1ttekint\u00e9s eredm\u00e9nyei hozz\u00e1j\u00e1rulnak a gyermekj\u00f3l\u00e9t m\u00e9lyebb meg\u00e9rt\u00e9s\u00e9hez, \u00e9s a gyermekek sz\u00e1m\u00e1ra kedvez\u0151 eredm\u00e9nyek el\u0151mozd\u00edt\u00e1s\u00e1t c\u00e9lz\u00f3 szakpolitik\u00e1k \u00e9s beavatkoz\u00e1sok alapj\u00e1ul szolg\u00e1lhatnak.<\/p>\n\n\n\n<h3 id=\"h-psychological-safety-a-systematic-review-of-the-literature\"><a href=\"https:\/\/www.sciencedirect.com\/science\/article\/pii\/S1053482217300013\">Pszichol\u00f3giai biztons\u00e1g: A szakirodalom szisztematikus \u00e1ttekint\u00e9se<\/a><\/h3>\n\n\n\n<p>E szisztematikus irodalmi \u00e1ttekint\u00e9s c\u00e9lja, hogy \u00e1tfog\u00f3 elemz\u00e9st ny\u00fajtson a pszichol\u00f3giai biztons\u00e1g empirikus kutat\u00e1sair\u00f3l, bele\u00e9rtve annak el\u0151zm\u00e9nyeit, eredm\u00e9nyeit \u00e9s moder\u00e1torait az elemz\u00e9s k\u00fcl\u00f6nb\u00f6z\u0151 szintjein. Mivel ezen a ter\u00fcleten egyre t\u00f6bb empirikus bizony\u00edt\u00e9k \u00e1ll rendelkez\u00e9sre, a megl\u00e9v\u0151 szakirodalom szintetiz\u00e1l\u00e1sa \u00e9rdek\u00e9ben szisztematikus \u00e1ttekint\u00e9sre van sz\u00fcks\u00e9g. Az empirikus tanulm\u00e1nyok \u00e1ttekint\u00e9s\u00e9n t\u00fal ez a tanulm\u00e1ny azonos\u00edtja a hi\u00e1nyoss\u00e1gokat, \u00e9s hangs\u00falyozza a kulcsfontoss\u00e1g\u00fa elm\u00e9leti perspekt\u00edv\u00e1k integr\u00e1l\u00e1s\u00e1nak fontoss\u00e1g\u00e1t annak \u00e9rdek\u00e9ben, hogy jobban meg\u00e9rts\u00fck, hogyan alakul ki \u00e9s befoly\u00e1solja a pszichol\u00f3giai biztons\u00e1g a munka eredm\u00e9nyeit az elemz\u00e9s k\u00fcl\u00f6nb\u00f6z\u0151 szintjein. Az \u00e1ttekint\u00e9s tov\u00e1bb\u00e1 javaslatokat tesz a j\u00f6v\u0151beli empirikus tanulm\u00e1nyokra vonatkoz\u00f3an, hogy a pszichol\u00f3giai biztons\u00e1ggal kapcsolatos ismereteinket tov\u00e1bbfejlessz\u00fck.&nbsp;<\/p>\n\n\n\n<h2 id=\"h-types-of-literature-reviews\">A szakirodalmi \u00e1ttekint\u00e9sek t\u00edpusai<\/h2>\n\n\n\n<p>A kutat\u00f3k k\u00fcl\u00f6nb\u00f6z\u0151 t\u00edpus\u00fa szakirodalmi \u00e1ttekint\u00e9seket alkalmazhatnak kutat\u00e1si c\u00e9ljaik \u00e9s a t\u00e9ma jellege alapj\u00e1n. Az al\u00e1bbiakban r\u00f6viden ismertetj\u00fck az egyes t\u00edpusokat:<\/p>\n\n\n\n<h3 id=\"h-chronological\">Kronol\u00f3giai<\/h3>\n\n\n\n<p>A kutat\u00e1s id\u0151rendi sorrendbe rendez\u00e9se az eszm\u00e9k \u00e9s elm\u00e9letek t\u00f6rt\u00e9nelmi fejl\u0151d\u00e9s\u00e9nek bemutat\u00e1sa \u00e9rdek\u00e9ben.<\/p>\n\n\n\n<h3 id=\"h-thematic\">Tematikus<\/h3>\n\n\n\n<p>A tanulm\u00e1nyok k\u00f6z\u00f6s t\u00e9m\u00e1ira vagy t\u00e9m\u00e1kra \u00f6sszpontos\u00edt, hogy \u00e1tfog\u00f3 elemz\u00e9st ny\u00fajtson a t\u00e9m\u00e1r\u00f3l.<\/p>\n\n\n\n<h3 id=\"h-methodological\">M\u00f3dszertani<\/h3>\n\n\n\n<p>\u00c9rt\u00e9keli a kor\u00e1bbi tanulm\u00e1nyokban alkalmazott kutat\u00e1si m\u00f3dszereket, kiemelve az er\u0151ss\u00e9geket, gyenges\u00e9geket \u00e9s elemz\u00e9si technik\u00e1kat.<\/p>\n\n\n\n<h3 id=\"h-theoretical\">Elm\u00e9leti<\/h3>\n\n\n\n<p>Elemzi \u00e9s szintetiz\u00e1lja a kutat\u00e1sban haszn\u00e1lt elm\u00e9leti kereteket \u00e9s modelleket, hogy meg\u00e1llap\u00edtsa azok relevanci\u00e1j\u00e1t \u00e9s alkalmazhat\u00f3s\u00e1g\u00e1t.<\/p>\n\n\n\n<h3 id=\"h-integrative\">Integrat\u00edv<\/h3>\n\n\n\n<p>T\u00falmutat a tanulm\u00e1nyok \u00f6sszefoglal\u00e1s\u00e1n, \u00e9s a k\u00fcl\u00f6nb\u00f6z\u0151 tanulm\u00e1nyok k\u00f6z\u00f6tti mint\u00e1k, \u00f6sszef\u00fcgg\u00e9sek \u00e9s kapcsolatok azonos\u00edt\u00e1s\u00e1val \u00f6sszef\u00fcgg\u0151 k\u00e9pet ny\u00fajt a t\u00e9m\u00e1r\u00f3l.&nbsp;<\/p>\n\n\n\n<h3 id=\"h-systematic\">Rendszeres<\/h3>\n\n\n\n<p>Szigor\u00fa \u00e9s el\u0151re meghat\u00e1rozott m\u00f3dszertant alkalmaz a relev\u00e1ns kutat\u00e1sok kiv\u00e1laszt\u00e1s\u00e1hoz, \u00e9rt\u00e9kel\u00e9s\u00e9hez \u00e9s \u00f6sszegz\u00e9s\u00e9hez. El\u0151re meghat\u00e1rozott keres\u00e9si krit\u00e9riumokat, befogad\u00e1si\/kiz\u00e1r\u00e1si krit\u00e9riumokat \u00e9s szisztematikus adatszerz\u00e9st foglal mag\u00e1ban az elfogults\u00e1g minimaliz\u00e1l\u00e1sa \u00e9s az irodalom alapos elemz\u00e9s\u00e9nek biztos\u00edt\u00e1sa \u00e9rdek\u00e9ben.<\/p>\n\n\n\n<h3 id=\"h-scoping\">Scoping<\/h3>\n\n\n\n<p>Egy sz\u00e9lesk\u00f6r\u0171 kutat\u00e1si t\u00e9ma megl\u00e9v\u0151 szakirodalm\u00e1nak felt\u00e9rk\u00e9pez\u00e9se, a kulcsfogalmak \u00e9s a tov\u00e1bbi vizsg\u00e1land\u00f3 ter\u00fcletek azonos\u00edt\u00e1sa. Az \u00e1tfog\u00f3 \u00e1ttekint\u00e9sek k\u00fcl\u00f6n\u00f6sen akkor hasznosak, ha a kutat\u00e1si ter\u00fclet \u00f6sszetett vagy nincs egy\u00e9rtelm\u0171 f\u00f3kusz.<\/p>\n\n\n\n<h3 id=\"h-meta-analysis\">Meta-anal\u00edzis<\/h3>\n\n\n\n<p>Kvantitat\u00edv m\u00f3don szintetiz\u00e1lja a t\u00f6bb tanulm\u00e1nyb\u00f3l sz\u00e1rmaz\u00f3 adatokat statisztikai elemz\u00e9s seg\u00edts\u00e9g\u00e9vel, hogy \u00f6sszevont hat\u00e1sm\u00e9reteket hozzon l\u00e9tre \u00e9s megb\u00edzhat\u00f3 k\u00f6vetkeztet\u00e9seket vonjon le.<\/p>\n\n\n\n<h2 id=\"h-5-steps-to-writing-a-literature-review\">5 l\u00e9p\u00e9s a szakirodalmi \u00e1ttekint\u00e9s meg\u00edr\u00e1s\u00e1hoz<a href=\"https:\/\/www.scribbr.nl\/wp-content\/uploads\/2022\/04\/Literature-review-guide.webp?_ga=2.193342957.1328656778.1685040981-1117159192.1685040980\"><\/a><\/h2>\n\n\n\n<p>A szakirodalmi \u00e1ttekint\u00e9s nem lehet a forr\u00e1sok puszta \u00f6sszefoglal\u00e1sa. Kritikus gondolkod\u00e1sr\u00f3l, elemz\u00e9sr\u0151l \u00e9s a k\u00fcl\u00f6nb\u00f6z\u0151 forr\u00e1sokb\u00f3l sz\u00e1rmaz\u00f3 inform\u00e1ci\u00f3k szintetiz\u00e1l\u00e1s\u00e1nak k\u00e9pess\u00e9g\u00e9r\u0151l kell tan\u00faskodnia, hogy t\u00e1mogassa a kutat\u00e1si c\u00e9lt. \u00cdme az irodalmi \u00e1ttekint\u00e9s meg\u00edr\u00e1s\u00e1nak l\u00e9p\u00e9sei:<\/p>\n\n\n\n<h3>1. Hat\u00e1rozza meg c\u00e9lj\u00e1t<\/h3>\n\n\n\n<p>Tiszt\u00e1zza a szakirodalmi \u00e1ttekint\u00e9s c\u00e9lj\u00e1t. Hat\u00e1rozza meg, hogy \u00e1ttekint\u00e9st k\u00edv\u00e1n-e ny\u00fajtani, kutat\u00e1si hi\u00e1nyoss\u00e1gokat k\u00edv\u00e1n-e azonos\u00edtani, hipot\u00e9zist k\u00edv\u00e1n-e al\u00e1t\u00e1masztani, vagy kritikai elemz\u00e9st k\u00edv\u00e1n-e ny\u00fajtani.<\/p>\n\n\n\n<h3>2. V\u00e9gezze el a kutat\u00e1st<\/h3>\n\n\n\n<p>V\u00e9gezzen \u00e1tfog\u00f3 keres\u00e9st a vonatkoz\u00f3 tudom\u00e1nyos szakirodalomban adatb\u00e1zisok, tudom\u00e1nyos foly\u00f3iratok, k\u00f6nyvek \u00e9s m\u00e1s elismert forr\u00e1sok felhaszn\u00e1l\u00e1s\u00e1val. V\u00e1lassza ki azokat a cikkeket, tanulm\u00e1nyokat \u00e9s forr\u00e1sokat, amelyek k\u00f6zvetlen\u00fcl kapcsol\u00f3dnak a kutat\u00e1si t\u00e9m\u00e1j\u00e1hoz.<\/p>\n\n\n\n<h3>3. A relevancia alapj\u00e1ul szolg\u00e1l\u00f3 \u00f6sszefoglal\u00f3<\/h3>\n\n\n\n<p>Foglalja \u00f6ssze \u00e9s foglalja \u00f6ssze a kiv\u00e1lasztott forr\u00e1sok legfontosabb meg\u00e1llap\u00edt\u00e1sait, \u00e9rveit \u00e9s m\u00f3dszereit. \u00dcgyeljen arra, hogy az \u00f6sszefoglal\u00f3 k\u00f6zvetlen\u00fcl kapcsol\u00f3djon a kutat\u00e1si c\u00e9lj\u00e1hoz, \u00e9s adjon \u00e9rtelmes betekint\u00e9st.<\/p>\n\n\n\n<h3>4. Logikusan fejlessze a fel\u00fclvizsg\u00e1latot<\/h3>\n\n\n\n<p>Szervezze logikusan az irodalmi \u00e1ttekint\u00e9st. V\u00e1laszthat, hogy kronologikusan, tematikusan vagy m\u00e1s relev\u00e1ns kateg\u00f3ri\u00e1k alapj\u00e1n struktur\u00e1lja. Vil\u00e1gosan mutassa be a f\u0151 pontokat \u00e9s alt\u00e9m\u00e1kat, \u00e9s teremtse meg a forr\u00e1sok k\u00f6z\u00f6tti kapcsolatokat \u00e9s \u00f6sszef\u00fcgg\u00e9seket.<\/p>\n\n\n\n<h3>5. Tartalmazza a hivatkoz\u00e1sok\/id\u00e9zett m\u0171vek list\u00e1j\u00e1t<\/h3>\n\n\n\n<p>Helyesen id\u00e9zze az \u00f6sszes forr\u00e1st, amelyet a szakirodalmi \u00e1ttekint\u00e9s\u00e9ben felhaszn\u00e1lt. K\u00f6vesse a megfelel\u0151 id\u00e9z\u00e9si st\u00edlust (p\u00e9ld\u00e1ul APA, MLA vagy Harvard), \u00e9s a hivatkoz\u00e1sokban vagy az id\u00e9zett m\u0171vek list\u00e1j\u00e1ban minden forr\u00e1sr\u00f3l teljes \u00e9s pontos inform\u00e1ci\u00f3t adjon meg.<\/p>\n\n\n\n<h2 id=\"h-difference-between-a-literature-review-and-an-annotated-bibliography\">A szakirodalmi \u00e1ttekint\u00e9s \u00e9s a jegyzetekkel ell\u00e1tott bibliogr\u00e1fia k\u00f6z\u00f6tti k\u00fcl\u00f6nbs\u00e9g<\/h2>\n\n\n\n<p>A szakirodalmi \u00e1ttekint\u00e9s \u00e9s a jegyzetekkel ell\u00e1tott bibliogr\u00e1fia k\u00e9t k\u00fcl\u00f6nb\u00f6z\u0151 tudom\u00e1nyos \u00edr\u00e1sbeli feladat, amelyek k\u00fcl\u00f6nb\u00f6z\u0151 c\u00e9lokat szolg\u00e1lnak.&nbsp;<\/p>\n\n\n\n<p>Az irodalmi \u00e1ttekint\u00e9s c\u00e9lja, hogy \u00e1tfog\u00f3 \u00e9s kritikus elemz\u00e9st ny\u00fajtson egy adott kutat\u00e1si t\u00e9m\u00e1val kapcsolatos megl\u00e9v\u0151 szakirodalomr\u00f3l. Ez mag\u00e1ban foglalja a relev\u00e1ns tudom\u00e1nyos forr\u00e1sok legfontosabb meg\u00e1llap\u00edt\u00e1sainak, elm\u00e9leteinek \u00e9s m\u00f3dszertanainak \u00f6sszefoglal\u00e1s\u00e1t, \u00e9rt\u00e9kel\u00e9s\u00e9t \u00e9s szint\u00e9zis\u00e9t.<\/p>\n\n\n\n<p>A jegyzetekkel ell\u00e1tott bibliogr\u00e1fi\u00e1k ezzel szemben arra \u00f6sszpontos\u00edtanak, hogy t\u00f6m\u00f6r \u00e1ttekint\u00e9st \u00e9s \u00e9rt\u00e9kel\u00e9st (jegyzetet) adjanak minden egyes id\u00e9zett forr\u00e1sr\u00f3l. Igyekszik az olvas\u00f3t a forr\u00e1sok min\u0151s\u00e9g\u00e9r\u0151l, relevanci\u00e1j\u00e1r\u00f3l \u00e9s tartalm\u00e1r\u00f3l t\u00e1j\u00e9koztatni.&nbsp;<\/p>\n\n\n\n<p>A jegyzetekkel ell\u00e1tott bibliogr\u00e1fi\u00e1kr\u00f3l b\u0151vebben a k\u00f6vetkez\u0151 cikkben olvashat. <a href=\"https:\/\/mindthegraph.com\/blog\/what-is-an-annotated-bibliography\/\">itt<\/a> amely r\u00e9szletesen elmagyar\u00e1zza, hogy mi is az az annot\u00e1lt bibliogr\u00e1fia, \u00e9s hogyan kell elk\u00e9sz\u00edteni.&nbsp;<\/p>\n\n\n\n<p>M\u00edg az irodalmi \u00e1ttekint\u00e9s a szakirodalom sz\u00e9lesebb k\u00f6r\u00e9re terjed ki, \u00e9s m\u00e9lyebb elemz\u00e9st ig\u00e9nyel, addig a jegyzetekkel ell\u00e1tott bibliogr\u00e1fia a forr\u00e1sok sz\u0171kebb k\u00f6r\u00e9re \u00f6sszpontos\u00edt, \u00e9s t\u00f6m\u00f6r megjegyz\u00e9seket tartalmaz minden egyes bejegyz\u00e9shez.<\/p>\n\n\n\n<h2 id=\"h-conclusion\">K\u00f6vetkeztet\u00e9s<\/h2>\n\n\n\n<p>Az ebben a cikkben t\u00e1rgyalt irodalmi \u00e1ttekint\u00e9s alapvet\u0151 \u00f6sszetev\u0151inek k\u00f6vet\u00e9s\u00e9vel a kutat\u00f3k magas sz\u00ednvonal\u00fa \u00e1ttekint\u00e9st biztos\u00edthatnak. Az alapos tervez\u00e9s, a szisztematikus keres\u00e9s, a kritikus \u00e9rt\u00e9kel\u00e9s, a szervez\u00e9s, a szint\u00e9zis, az elemz\u00e9s \u00e9s a hat\u00e9kony kommunik\u00e1ci\u00f3 kulcsfontoss\u00e1g\u00fa. Ezeknek az \u00f6sszetev\u0151knek az elsaj\u00e1t\u00edt\u00e1sa lehet\u0151v\u00e9 teszi a kutat\u00f3k sz\u00e1m\u00e1ra, hogy \u00e9rt\u00e9kes megl\u00e1t\u00e1sokkal j\u00e1ruljanak hozz\u00e1 \u00e9s fejlessz\u00e9k az ismereteket saj\u00e1t ter\u00fclet\u00fck\u00f6n. A j\u00f3l kivitelezett irodalmi \u00e1ttekint\u00e9s a szil\u00e1rd kutat\u00e1s alapj\u00e1ul szolg\u00e1l, \u00e9s megk\u00f6nny\u00edti az \u00faj felfedez\u00e9seket.<\/p>\n\n\n\n<h2 id=\"h-communicate-science-visually-with-the-power-of-the-best-and-free-infographic-maker\">Tudom\u00e1nyos kommunik\u00e1ci\u00f3 a legjobb \u00e9s ingyenes Infographic Maker seg\u00edts\u00e9g\u00e9vel<\/h2>\n\n\n\n<p>A <a href=\"https:\/\/mindthegraph.com\/\" target=\"_blank\" rel=\"noreferrer noopener\">Mind the Graph<\/a> platform a tud\u00f3soknak egy hat\u00e9kony \u00e9s ingyenes infografika-k\u00e9sz\u00edt\u0151 programot k\u00edn\u00e1l a tudom\u00e1ny vizu\u00e1lis kommunik\u00e1l\u00e1s\u00e1hoz. Ezzel a platformmal a tud\u00f3sok hat\u00e9konyan k\u00f6zvet\u00edthetik az \u00f6sszetett kutat\u00e1si eredm\u00e9nyeket, koncepci\u00f3kat \u00e9s adatokat vonz\u00f3 \u00e9s figyelemfelkelt\u0151 infografik\u00e1kon kereszt\u00fcl. Az Mind the Graph lehet\u0151v\u00e9 teszi a tud\u00f3sok sz\u00e1m\u00e1ra, hogy kihaszn\u00e1lj\u00e1k a vizu\u00e1lis t\u00f6rt\u00e9netmes\u00e9l\u00e9s erej\u00e9t, \u00edgy kutat\u00e1saik el\u00e9rhet\u0151v\u00e9, eml\u00e9kezetess\u00e9 \u00e9s hat\u00e1soss\u00e1 v\u00e1lnak a sz\u00e9lesebb k\u00f6z\u00f6ns\u00e9g sz\u00e1m\u00e1ra.<\/p>\n\n\n\n<div style=\"height:21px\" aria-hidden=\"true\" class=\"wp-block-spacer\"><\/div>\n\n\n<div class=\"wp-block-image\">\n<figure class=\"aligncenter size-full\"><a href=\"https:\/\/mindthegraph.com\/?utm_source=blog&amp;utm_medium=content\"><img decoding=\"async\" loading=\"lazy\" width=\"651\" height=\"174\" src=\"https:\/\/mindthegraph.com\/blog\/wp-content\/uploads\/2024\/06\/mind-the-graph-1.png\" alt=\"vigy\u00e1zz a grafikonra\" class=\"wp-image-54660\" srcset=\"https:\/\/mindthegraph.com\/blog\/wp-content\/uploads\/2024\/06\/mind-the-graph-1.png 651w, https:\/\/mindthegraph.com\/blog\/wp-content\/uploads\/2024\/06\/mind-the-graph-1-300x80.png 300w, https:\/\/mindthegraph.com\/blog\/wp-content\/uploads\/2024\/06\/mind-the-graph-1-18x5.png 18w, https:\/\/mindthegraph.com\/blog\/wp-content\/uploads\/2024\/06\/mind-the-graph-1-100x27.png 100w\" sizes=\"(max-width: 651px) 100vw, 651px\" \/><\/a><\/figure><\/div>\n\n\n<div style=\"height:44px\" aria-hidden=\"true\" class=\"wp-block-spacer\"><\/div>","protected":false},"excerpt":{"rendered":"<p>Ismerje meg a szakirodalmi \u00e1ttekint\u00e9s minden \u00f6sszetev\u0151j\u00e9t. Mer\u00fclj\u00f6n el ebben az \u00e1tfog\u00f3 \u00fatmutat\u00f3ban, hogy sikeres legyen.<\/p>","protected":false},"author":28,"featured_media":29214,"comment_status":"closed","ping_status":"closed","sticky":false,"template":"","format":"standard","meta":[],"categories":[959,28],"tags":[],"yoast_head":"<!-- This site is optimized with the Yoast SEO plugin v19.9 - https:\/\/yoast.com\/wordpress\/plugins\/seo\/ -->\n<title>Essential Components of a Literature Review<\/title>\n<meta name=\"description\" content=\"Get knowledgeable about all the components of a literature review. Dive into this comprehensive guide to achieve a successful one.\" \/>\n<meta name=\"robots\" content=\"index, follow, max-snippet:-1, max-image-preview:large, max-video-preview:-1\" \/>\n<link rel=\"canonical\" href=\"https:\/\/mindthegraph.com\/blog\/hu\/components-of-a-literature-review\/\" \/>\n<meta property=\"og:locale\" content=\"hu_HU\" \/>\n<meta property=\"og:type\" content=\"article\" \/>\n<meta property=\"og:title\" content=\"Essential Components of a Literature Review\" \/>\n<meta property=\"og:description\" content=\"Get knowledgeable about all the components of a literature review. Dive into this comprehensive guide to achieve a successful one.\" \/>\n<meta property=\"og:url\" content=\"https:\/\/mindthegraph.com\/blog\/hu\/components-of-a-literature-review\/\" \/>\n<meta property=\"og:site_name\" content=\"Mind the Graph Blog\" \/>\n<meta property=\"article:published_time\" content=\"2023-08-26T13:31:07+00:00\" \/>\n<meta property=\"article:modified_time\" content=\"2024-06-14T17:33:48+00:00\" \/>\n<meta property=\"og:image\" content=\"https:\/\/mindthegraph.com\/blog\/wp-content\/uploads\/2023\/08\/components-of-literature-review-blog.jpg\" \/>\n\t<meta property=\"og:image:width\" content=\"1123\" \/>\n\t<meta property=\"og:image:height\" content=\"612\" \/>\n\t<meta property=\"og:image:type\" content=\"image\/jpeg\" \/>\n<meta name=\"author\" content=\"Jessica Abbadia\" \/>\n<meta name=\"twitter:card\" content=\"summary_large_image\" \/>\n<meta name=\"twitter:title\" content=\"Essential Components of a Literature Review\" \/>\n<meta name=\"twitter:description\" content=\"Get knowledgeable about all the components of a literature review. Dive into this comprehensive guide to achieve a successful one.\" \/>\n<meta name=\"twitter:image\" content=\"https:\/\/mindthegraph.com\/blog\/wp-content\/uploads\/2023\/08\/components-of-literature-review-blog.jpg\" \/>\n<meta name=\"twitter:label1\" content=\"Written by\" \/>\n\t<meta name=\"twitter:data1\" content=\"Jessica Abbadia\" \/>\n\t<meta name=\"twitter:label2\" content=\"Est. reading time\" \/>\n\t<meta name=\"twitter:data2\" content=\"7 minutes\" \/>\n<!-- \/ Yoast SEO plugin. -->","yoast_head_json":{"title":"Essential Components of a Literature Review","description":"Get knowledgeable about all the components of a literature review. Dive into this comprehensive guide to achieve a successful one.","robots":{"index":"index","follow":"follow","max-snippet":"max-snippet:-1","max-image-preview":"max-image-preview:large","max-video-preview":"max-video-preview:-1"},"canonical":"https:\/\/mindthegraph.com\/blog\/hu\/components-of-a-literature-review\/","og_locale":"hu_HU","og_type":"article","og_title":"Essential Components of a Literature Review","og_description":"Get knowledgeable about all the components of a literature review. Dive into this comprehensive guide to achieve a successful one.","og_url":"https:\/\/mindthegraph.com\/blog\/hu\/components-of-a-literature-review\/","og_site_name":"Mind the Graph Blog","article_published_time":"2023-08-26T13:31:07+00:00","article_modified_time":"2024-06-14T17:33:48+00:00","og_image":[{"width":1123,"height":612,"url":"https:\/\/mindthegraph.com\/blog\/wp-content\/uploads\/2023\/08\/components-of-literature-review-blog.jpg","type":"image\/jpeg"}],"author":"Jessica Abbadia","twitter_card":"summary_large_image","twitter_title":"Essential Components of a Literature Review","twitter_description":"Get knowledgeable about all the components of a literature review. Dive into this comprehensive guide to achieve a successful one.","twitter_image":"https:\/\/mindthegraph.com\/blog\/wp-content\/uploads\/2023\/08\/components-of-literature-review-blog.jpg","twitter_misc":{"Written by":"Jessica Abbadia","Est. reading time":"7 minutes"},"schema":{"@context":"https:\/\/schema.org","@graph":[{"@type":"WebPage","@id":"https:\/\/mindthegraph.com\/blog\/components-of-a-literature-review\/","url":"https:\/\/mindthegraph.com\/blog\/components-of-a-literature-review\/","name":"Essential Components of a Literature Review","isPartOf":{"@id":"https:\/\/mindthegraph.com\/blog\/#website"},"datePublished":"2023-08-26T13:31:07+00:00","dateModified":"2024-06-14T17:33:48+00:00","author":{"@id":"https:\/\/mindthegraph.com\/blog\/#\/schema\/person\/96ecc2d785106e951f7773dc7c96d699"},"description":"Get knowledgeable about all the components of a literature review. Dive into this comprehensive guide to achieve a successful one.","breadcrumb":{"@id":"https:\/\/mindthegraph.com\/blog\/components-of-a-literature-review\/#breadcrumb"},"inLanguage":"hu-HU","potentialAction":[{"@type":"ReadAction","target":["https:\/\/mindthegraph.com\/blog\/components-of-a-literature-review\/"]}]},{"@type":"BreadcrumbList","@id":"https:\/\/mindthegraph.com\/blog\/components-of-a-literature-review\/#breadcrumb","itemListElement":[{"@type":"ListItem","position":1,"name":"Home","item":"https:\/\/mindthegraph.com\/blog\/"},{"@type":"ListItem","position":2,"name":"Essential Components of a Literature Review"}]},{"@type":"WebSite","@id":"https:\/\/mindthegraph.com\/blog\/#website","url":"https:\/\/mindthegraph.com\/blog\/","name":"Mind the Graph Blog","description":"Your science can be beautiful!","potentialAction":[{"@type":"SearchAction","target":{"@type":"EntryPoint","urlTemplate":"https:\/\/mindthegraph.com\/blog\/?s={search_term_string}"},"query-input":"required name=search_term_string"}],"inLanguage":"hu-HU"},{"@type":"Person","@id":"https:\/\/mindthegraph.com\/blog\/#\/schema\/person\/96ecc2d785106e951f7773dc7c96d699","name":"Jessica Abbadia","image":{"@type":"ImageObject","inLanguage":"hu-HU","@id":"https:\/\/mindthegraph.com\/blog\/#\/schema\/person\/image\/","url":"https:\/\/secure.gravatar.com\/avatar\/f477bd20199beb376b04b2fda9a2cec5?s=96&d=mm&r=g","contentUrl":"https:\/\/secure.gravatar.com\/avatar\/f477bd20199beb376b04b2fda9a2cec5?s=96&d=mm&r=g","caption":"Jessica Abbadia"},"description":"Jessica Abbadia is a lawyer that has been working in Digital Marketing since 2020, improving organic performance for apps and websites in various regions through ASO and SEO. Currently developing scientific and intellectual knowledge for the community's benefit. Jessica is an animal rights activist who enjoys reading and drinking strong coffee.","sameAs":["https:\/\/www.linkedin.com\/in\/jessica-abbadia-9b834a13b\/"],"url":"https:\/\/mindthegraph.com\/blog\/hu\/author\/jessica\/"}]}},"_links":{"self":[{"href":"https:\/\/mindthegraph.com\/blog\/hu\/wp-json\/wp\/v2\/posts\/29212"}],"collection":[{"href":"https:\/\/mindthegraph.com\/blog\/hu\/wp-json\/wp\/v2\/posts"}],"about":[{"href":"https:\/\/mindthegraph.com\/blog\/hu\/wp-json\/wp\/v2\/types\/post"}],"author":[{"embeddable":true,"href":"https:\/\/mindthegraph.com\/blog\/hu\/wp-json\/wp\/v2\/users\/28"}],"replies":[{"embeddable":true,"href":"https:\/\/mindthegraph.com\/blog\/hu\/wp-json\/wp\/v2\/comments?post=29212"}],"version-history":[{"count":5,"href":"https:\/\/mindthegraph.com\/blog\/hu\/wp-json\/wp\/v2\/posts\/29212\/revisions"}],"predecessor-version":[{"id":54663,"href":"https:\/\/mindthegraph.com\/blog\/hu\/wp-json\/wp\/v2\/posts\/29212\/revisions\/54663"}],"wp:featuredmedia":[{"embeddable":true,"href":"https:\/\/mindthegraph.com\/blog\/hu\/wp-json\/wp\/v2\/media\/29214"}],"wp:attachment":[{"href":"https:\/\/mindthegraph.com\/blog\/hu\/wp-json\/wp\/v2\/media?parent=29212"}],"wp:term":[{"taxonomy":"category","embeddable":true,"href":"https:\/\/mindthegraph.com\/blog\/hu\/wp-json\/wp\/v2\/categories?post=29212"},{"taxonomy":"post_tag","embeddable":true,"href":"https:\/\/mindthegraph.com\/blog\/hu\/wp-json\/wp\/v2\/tags?post=29212"}],"curies":[{"name":"wp","href":"https:\/\/api.w.org\/{rel}","templated":true}]}}