{"id":27391,"date":"2023-04-03T11:41:13","date_gmt":"2023-04-03T14:41:13","guid":{"rendered":"https:\/\/mindthegraph.com\/blog\/candida-auris-copy\/"},"modified":"2023-04-14T09:35:58","modified_gmt":"2023-04-14T12:35:58","slug":"ama-citation-format","status":"publish","type":"post","link":"https:\/\/mindthegraph.com\/blog\/hu\/ama-citation-format\/","title":{"rendered":"Navig\u00e1l\u00e1s az AMA id\u00e9zetform\u00e1tumban: A legjobb tippek a hivatkoz\u00e1shoz"},"content":{"rendered":"<p>A forr\u00e1sok id\u00e9z\u00e9se fontos r\u00e9sze a j\u00f3l kutatott \u00e9s j\u00f3 h\u00edr\u0171 tudom\u00e1nyos \u00edr\u00e1sm\u0171vek elk\u00e9sz\u00edt\u00e9s\u00e9nek. A forr\u00e1sok helyes id\u00e9z\u00e9se nemcsak az eredeti szerz\u0151knek ad elismer\u00e9st, hanem az olvas\u00f3knak is seg\u00edt a felhaszn\u00e1lt forr\u00e1sok felkutat\u00e1s\u00e1ban \u00e9s \u00e9rt\u00e9kel\u00e9s\u00e9ben. A rendelkez\u00e9sre \u00e1ll\u00f3 sokf\u00e9le id\u00e9z\u00e9si st\u00edlus miatt az \u00edr\u00f3knak neh\u00e9z lehet kiv\u00e1lasztani a munk\u00e1jukhoz legmegfelel\u0151bbet.&nbsp;<\/p>\n\n\n\n<p>Az Amerikai Orvosi Sz\u00f6vets\u00e9g p\u00e9ld\u00e1ul l\u00e9trehozta az AMA id\u00e9zetform\u00e1tumot, amelyet sz\u00e9les k\u00f6rben haszn\u00e1lnak az orvostudom\u00e1nyban \u00e9s m\u00e1s eg\u00e9szs\u00e9g\u00fcgyi ter\u00fcleteken.&nbsp;<\/p>\n\n\n\n<p>Ebben a cikkben \u00e1ttekintj\u00fck az AMA id\u00e9z\u00e9si form\u00e1tum alapjait, \u00e9s bemutatjuk az AMA form\u00e1tummal t\u00f6rt\u00e9n\u0151 hivatkoz\u00e1s legjobb gyakorlat\u00e1t.<\/p>\n\n\n\n<h2>Mi az AMA form\u00e1tum?<\/h2>\n\n\n\n<p>Az AMA form\u00e1tum, mint m\u00e1r kor\u00e1bban eml\u00edtett\u00fck, az Amerikai Orvosi Sz\u00f6vets\u00e9g (AMA) \u00e1ltal 1962-ben l\u00e9trehozott id\u00e9z\u00e9si st\u00edlus.&nbsp;<\/p>\n\n\n\n<p>Az AMA Manual of Style-t az \u00e9vek sor\u00e1n t\u00f6bbsz\u00f6r fel\u00fclvizsg\u00e1lt\u00e1k \u00e9s friss\u00edtett\u00e9k, hogy t\u00fckr\u00f6zze a ter\u00fcleten bek\u00f6vetkezett v\u00e1ltoz\u00e1sokat \u00e9s a technol\u00f3giai fejleszt\u00e9seket. A legut\u00f3bbi, 11. kiad\u00e1s 2020-ban jelent meg, \u00e9s az internetes \u00e9s k\u00f6z\u00f6ss\u00e9gi m\u00e9diaforr\u00e1sok id\u00e9z\u00e9s\u00e9re vonatkoz\u00f3 ir\u00e1nyelveket, valamint jav\u00edtott nyelvtani, \u00edr\u00e1sjel- \u00e9s haszn\u00e1lati aj\u00e1nl\u00e1sokat tartalmaz.&nbsp;<\/p>\n\n\n\n<p>Az AMA-t legink\u00e1bb az orvosi \u00e9s eg\u00e9szs\u00e9gtudom\u00e1nyok ter\u00fclet\u00e9n a kutat\u00e1si dolgozatokban, foly\u00f3iratokban \u00e9s m\u00e1s tudom\u00e1nyos munk\u00e1kban haszn\u00e1lt forr\u00e1sok id\u00e9z\u00e9s\u00e9re haszn\u00e1lj\u00e1k. Az \u00edr\u00e1sban az egy\u00e9rtelm\u0171s\u00e9get \u00e9s a pontoss\u00e1got helyezi el\u0151t\u00e9rbe, hangs\u00falyt fektetve a felhaszn\u00e1lt forr\u00e1sokra vonatkoz\u00f3 egy\u00e9rtelm\u0171 t\u00e1j\u00e9koztat\u00e1sra.&nbsp;<\/p>\n\n\n\n<p>Az id\u00e9zeteket sz\u00e1mozni kell, \u00e9s a dokumentumban szerepl\u0151 sorrendben kell felsorolni, \u00e9s minden egyes id\u00e9zetnek tartalmaznia kell az \u00edr\u00f3, a c\u00edm, a kiad\u00f3 \u00e9s a k\u00f6zz\u00e9t\u00e9tel d\u00e1tum\u00e1nak teljes k\u00f6r\u0171 adatait. Az AMA form\u00e1tum a t\u00e1bl\u00e1zatokra, \u00e1br\u00e1kra \u00e9s hivatkoz\u00e1sokra vonatkoz\u00f3 form\u00e1z\u00e1si szab\u00e1lyokat is tartalmaz.<\/p>\n\n\n\n<p>Az AMA form\u00e1tum helyes haszn\u00e1lata kritikus fontoss\u00e1g\u00fa annak biztos\u00edt\u00e1s\u00e1hoz, hogy tudom\u00e1nyos dokumentuma pontos, megb\u00edzhat\u00f3 \u00e9s megfeleljen az orvosi \u00e9s eg\u00e9szs\u00e9gtudom\u00e1nyi ter\u00fcletek konvenci\u00f3inak.<\/p>\n\n\n\n<h2>AMA form\u00e1z\u00e1s alapjai<\/h2>\n\n\n\n<p>Miel\u0151tt belemer\u00fcln\u00e9nk az AMA Citation Format tov\u00e1bbi konkr\u00e9t k\u00f6vetelm\u00e9nyeibe, fontos tudni, hogy vannak \u00e1ltal\u00e1nos k\u00f6vetelm\u00e9nyek is, mint p\u00e9ld\u00e1ul:<\/p>\n\n\n\n<ul>\n<li>Haszn\u00e1ljon 1 h\u00fcvelykes marg\u00f3t, \u00e9s a bekezd\u00e9sek kezd\u0151sorait vonja be \u00bd h\u00fcvelykkel;<\/li>\n\n\n\n<li>Az oldalsz\u00e1mokat minden oldal jobb fels\u0151 sark\u00e1ban kell elhelyezni (a c\u00edmlappal kezdve);<\/li>\n\n\n\n<li>Egy szabv\u00e1nyos bet\u0171t\u00edpust kell v\u00e1lasztania, p\u00e9ld\u00e1ul Times New Roman, 12-es bet\u0171m\u00e9rettel.&nbsp;<\/li>\n\n\n\n<li>A tartalmat dupla sork\u00f6zzel kell \u00edrni;<\/li>\n\n\n\n<li>Ha r\u00f6vid\u00edt\u00e9seket haszn\u00e1l, akkor az els\u0151 alkalommal mindenk\u00e9ppen \u00edrja ki \u0151ket;<\/li>\n\n\n\n<li>Legyen k\u00f6vetkezetes az AMA form\u00e1z\u00e1s haszn\u00e1lat\u00e1ban az eg\u00e9sz dokumentumban.<\/li>\n<\/ul>\n\n\n\n<div style=\"height:21px\" aria-hidden=\"true\" class=\"wp-block-spacer\"><\/div>\n\n\n<div class=\"wp-block-image\">\n<figure class=\"aligncenter size-full\"><a href=\"https:\/\/mindthegraph.com\/app\/offer-trial\"><img decoding=\"async\" loading=\"lazy\" width=\"651\" height=\"174\" src=\"https:\/\/mindthegraph.com\/blog\/wp-content\/uploads\/2023\/02\/banner-blog-trial-04.jpg\" alt=\"\" class=\"wp-image-26792\" srcset=\"https:\/\/mindthegraph.com\/blog\/wp-content\/uploads\/2023\/02\/banner-blog-trial-04.jpg 651w, https:\/\/mindthegraph.com\/blog\/wp-content\/uploads\/2023\/02\/banner-blog-trial-04-300x80.jpg 300w, https:\/\/mindthegraph.com\/blog\/wp-content\/uploads\/2023\/02\/banner-blog-trial-04-18x5.jpg 18w, https:\/\/mindthegraph.com\/blog\/wp-content\/uploads\/2023\/02\/banner-blog-trial-04-100x27.jpg 100w\" sizes=\"(max-width: 651px) 100vw, 651px\" \/><\/a><\/figure><\/div>\n\n\n<div style=\"height:21px\" aria-hidden=\"true\" class=\"wp-block-spacer\"><\/div>\n\n\n\n<h2>In-text id\u00e9zet<\/h2>\n\n\n\n<p>A sz\u00f6vegben tal\u00e1lhat\u00f3 hivatkoz\u00e1sok azonos\u00edt\u00e1s\u00e1ra az AMA id\u00e9z\u00e9si st\u00edlus egy feliratos sz\u00e1mot haszn\u00e1l, \u00e9s ez a sz\u00e1m a dokumentum hivatkoz\u00e1si list\u00e1j\u00e1ban tal\u00e1lhat\u00f3 sz\u00e1mozott hivatkoz\u00e1sra utal.<\/p>\n\n\n\n<p>\"Smith et al.\u00b9 szerint p\u00e9ld\u00e1ul a szeg\u00e9nys\u00e9g elterjedts\u00e9ge az Egyes\u00fclt \u00c1llamokban az elm\u00falt \u00e9vekben n\u0151tt\". Ebben a p\u00e9ld\u00e1ban a \"\u00b9\" felirat\u00fa sz\u00e1m arra utal, hogy a mondatban szerepl\u0151 inform\u00e1ci\u00f3 a hivatkoz\u00e1si lista 1. sz\u00e1m\u00fa hivatkoz\u00e1s\u00e1b\u00f3l sz\u00e1rmazik.<\/p>\n\n\n\n<p>Ha egy forr\u00e1sb\u00f3l sz\u00e1rmaz\u00f3 inform\u00e1ci\u00f3t t\u00f6bbsz\u00f6r is felhaszn\u00e1l a dolgozat\u00e1ban, minden alkalommal ugyanazt a feliratsz\u00e1mot haszn\u00e1lja.<\/p>\n\n\n\n<p>Bizonyos esetekben el\u0151fordulhat, hogy egyetlen nyilatkozatban t\u00f6bb forr\u00e1st is fel kell haszn\u00e1lnia. Ebben a forgat\u00f3k\u00f6nyvben sok feliratos sz\u00e1mot kell haszn\u00e1lni a megfelel\u0151 helyeken. \"Sz\u00e1mos tanulm\u00e1ny kimutatta, hogy a szeg\u00e9nys\u00e9g fokozza a b\u0171n\u00f6z\u00e9st. <sup>2,3,4<\/sup>\" p\u00e9ld\u00e1ul.<\/p>\n\n\n\n<p>Ha egy adott oldalt vagy oldalcsoportot id\u00e9z, akkor az oldalsz\u00e1m(ok)at is illessze be a feliratos sz\u00e1m ut\u00e1n, mint p\u00e9ld\u00e1ul: \"Jones szerint\".<sup>5(p26)<\/sup>, az \u00faj ter\u00e1pia jobb sikerar\u00e1nyt mutat, mint p\u00e9ld\u00e1ul a hagyom\u00e1nyos m\u00f3dszer\".<\/p>\n\n\n\n<h2>AMA referenci\u00e1k<\/h2>\n\n\n\n<p>Az AMA id\u00e9z\u00e9si st\u00edlusban a hivatkoz\u00e1sok a kutat\u00e1si dolgozatban vagy tudom\u00e1nyos dokumentumban id\u00e9zett forr\u00e1sok list\u00e1ja. A hivatkoz\u00e1si list\u00e1t a sz\u00f6vegben szerepl\u0151 sz\u00f6veges hivatkoz\u00e1sok sorrendj\u00e9nek megfelel\u0151en kell sz\u00e1mszer\u0171en rendezni.<\/p>\n\n\n\n<p>A lista minden egyes hivatkoz\u00e1s\u00e1nak a k\u00f6vetkez\u0151 elemeket kell tartalmaznia:&nbsp;<\/p>\n\n\n\n<ol>\n<li><strong>Szerz\u0151(k)<\/strong>: A forr\u00e1sanyag szerz\u0151inek neve, a forr\u00e1sban val\u00f3 megjelen\u00e9s\u00fck sorrendj\u00e9ben.<\/li>\n\n\n\n<li><strong>Cikk vagy fejezet c\u00edme<\/strong>: A cikk vagy fejezet c\u00edme, mondatbet\u0171vel (csak az els\u0151 sz\u00f3 \u00e9s a tulajdonnevek nagybet\u0171vel).<\/li>\n\n\n\n<li><strong>Foly\u00f3irat vagy k\u00f6nyv c\u00edme<\/strong>: A foly\u00f3irat vagy k\u00f6nyv c\u00edme d\u0151lt bet\u0171vel.<\/li>\n\n\n\n<li><strong>Kiadv\u00e1nyinform\u00e1ci\u00f3<\/strong>: A forr\u00e1sanyag publik\u00e1ci\u00f3s adatai, bele\u00e9rtve a k\u00f6tet \u00e9s a sz\u00e1m sz\u00e1m\u00e1t (foly\u00f3iratcikkek eset\u00e9ben) vagy a kiad\u00f3t \u00e9s a hely\u00e9t (k\u00f6nyvek eset\u00e9ben).<\/li>\n\n\n\n<li><strong>A k\u00f6zz\u00e9t\u00e9tel d\u00e1tuma<\/strong>: A forr\u00e1sanyag k\u00f6zz\u00e9t\u00e9tel\u00e9nek d\u00e1tuma.<\/li>\n\n\n\n<li><strong>Oldalsz\u00e1mok<\/strong>: A forr\u00e1sanyag oldalsz\u00e1ma (foly\u00f3iratcikkek eset\u00e9ben) vagy a felhaszn\u00e1lt oldalak sz\u00e1ma (k\u00f6nyvfejezetek eset\u00e9ben).<\/li>\n<\/ol>\n\n\n\n<h3>K\u00f6nyv<\/h3>\n\n\n\n<ul>\n<li><strong>K\u00f6nyv egy szerz\u0151vel:<\/strong><\/li>\n<\/ul>\n\n\n\n<figure class=\"wp-block-table\"><table><tbody><tr><td><strong>Form\u00e1tum: <\/strong>Szerz\u0151 AA. A munka c\u00edme. Helysz\u00edn: Kiad\u00f3; \u00c9v: Oldalsz\u00e1m: Kiad\u00f3: Oldalsz\u00e1m: Oldalsz\u00e1m.<\/td><\/tr><tr><td><strong><em>P\u00e9lda:<\/em><\/strong> Smith J. <em>Bevezet\u00e9s a pszichol\u00f3gi\u00e1ba<\/em>. New York, NY: McGraw Hill; 2018:125-130.<\/td><\/tr><\/tbody><\/table><\/figure>\n\n\n\n<ul>\n<li><strong>K\u00f6nyv k\u00e9t-hat szerz\u0151vel:<\/strong><\/li>\n<\/ul>\n\n\n\n<figure class=\"wp-block-table\"><table><tbody><tr><td><strong>Form\u00e1tum: <\/strong>Szerz\u0151 AA, Szerz\u0151 BB. <em>A munka c\u00edme<\/em>. Helysz\u00edn: Kiad\u00f3; \u00c9v: Oldal-oldal.<\/td><\/tr><tr><td><strong><em>P\u00e9lda:<\/em> <\/strong>Johnson JE, Simpson RL. <em>Pszichi\u00e1triai ment\u00e1lis eg\u00e9szs\u00e9g\u00fcgyi \u00e1pol\u00e1s<\/em>. 8. kiad\u00e1s. Philadelphia, PA: Wolters Kluwer Health; 2019:210-220.<\/td><\/tr><\/tbody><\/table><\/figure>\n\n\n\n<ul>\n<li><strong>K\u00f6nyv h\u00e9t vagy t\u00f6bb szerz\u0151vel:<\/strong><\/li>\n<\/ul>\n\n\n\n<figure class=\"wp-block-table\"><table><tbody><tr><td><strong>Form\u00e1tum: <\/strong>Szerz\u0151 AA, Szerz\u0151 BB, Szerz\u0151 CC, et al. <em>A munka c\u00edme<\/em>. Helysz\u00edn: Kiad\u00f3; \u00c9v: Oldal- Oldal.<\/td><\/tr><tr><td><strong><em>P\u00e9lda:<\/em> <\/strong>Smith A, Johnson B, Williams C, et al. <em>Ment\u00e1lis eg\u00e9szs\u00e9g \u00e9s j\u00f3l\u00e9t a munkahelyen<\/em>. New York, NY: Springer; 2021:30-50.<\/td><\/tr><\/tbody><\/table><\/figure>\n\n\n\n<h3>Foly\u00f3iratok<\/h3>\n\n\n\n<ul>\n<li><strong>Egy-hat szerz\u0151vel rendelkez\u0151 foly\u00f3iratok:<\/strong><\/li>\n<\/ul>\n\n\n\n<figure class=\"wp-block-table\"><table><tbody><tr><td><strong>Form\u00e1tum: <\/strong>Szerz\u0151 AA, Szerz\u0151 BB, Szerz\u0151 CC. A cikk c\u00edme. <em>R\u00f6vid\u00edtett foly\u00f3iratc\u00edm<\/em>. \u00c9v; K\u00f6tet(kiad\u00e1s): Oldal-oldal.<\/td><\/tr><tr><td><strong><em>P\u00e9lda:<\/em> <\/strong>Garcia M. A k\u00f6z\u00f6ss\u00e9gi m\u00e9dia hat\u00e1sa a ment\u00e1lis eg\u00e9szs\u00e9gre. <em>JAMA Psychiatry.<\/em> 2019;76(4):432-439.<\/td><\/tr><\/tbody><\/table><\/figure>\n\n\n\n<ul>\n<li><strong>H\u00e9t vagy t\u00f6bb szerz\u0151vel rendelkez\u0151 foly\u00f3iratok:<\/strong><\/li>\n<\/ul>\n\n\n\n<figure class=\"wp-block-table\"><table><tbody><tr><td><strong>Form\u00e1tum: <\/strong>Szerz\u0151 AA, Szerz\u0151 BB, Szerz\u0151 CC, et al. A cikk c\u00edme. <em>R\u00f6vid\u00edtett foly\u00f3iratc\u00edm<\/em>. \u00c9v; K\u00f6tet (sz\u00e1m): Oldal-oldal.<\/td><\/tr><tr><td><strong><em>P\u00e9lda:<\/em> <\/strong>Davis L, Williams R, Kendrick, K. A testmozg\u00e1s hat\u00e1sa a depresszi\u00f3ra. <em>JAMA Psychiatry<\/em>. 2020;77(2):210-217.<\/td><\/tr><\/tbody><\/table><\/figure>\n\n\n\n<ul>\n<li><strong>Elektronikus foly\u00f3iratcikk:<\/strong><\/li>\n<\/ul>\n\n\n\n<figure class=\"wp-block-table\"><table><tbody><tr><td><strong>Form\u00e1tum: <\/strong>Szerz\u0151 AA. Cikk c\u00edme. <em>R\u00f6vid\u00edtett foly\u00f3iratc\u00edm<\/em>. \u00c9v; K\u00f6tet(kiad\u00e1s): Oldal-oldal. URL. Megjelent vagy utols\u00f3 friss\u00edt\u00e9s d\u00e1tuma. Hozz\u00e1f\u00e9r\u00e9s d\u00e1tuma.<\/td><\/tr><tr><td><strong><em>P\u00e9lda:<\/em> <\/strong>Davidson Baer E. Az \u00e1pol\u00e1s els\u0151 \u00e9vsz\u00e1zad\u00e1nak legfontosabb gondolatai. <em>Am J Nursing<\/em>. 2012;112(5):48- 55. http:\/\/journals.lww.com\/ajnonline\/Abstract\/2012\/05000\/Key_Ideas_in_ Nursing_s_First_Century.27.aspx Published May 2012. Hozz\u00e1f\u00e9r\u00e9s 2012. szeptember 23.<\/td><\/tr><\/tbody><\/table><\/figure>\n\n\n\n<ul>\n<li><strong>Elektronikus foly\u00f3iratcikk DOI-val:<\/strong><\/li>\n<\/ul>\n\n\n\n<figure class=\"wp-block-table\"><table><tbody><tr><td><strong>Form\u00e1tum: <\/strong>Szerz\u0151 AA, Szerz\u0151 BB. A cikk c\u00edme. <em>R\u00f6vid\u00edtett foly\u00f3iratc\u00edm<\/em>. \u00c9v; K\u00f6tet(kiad\u00e1s): Oldal-oldal. doi:xx.xxxx\/xxxxxxxxxxxxxxxxxxxxxxxx.<\/td><\/tr><tr><td><strong><em>P\u00e9lda: <\/em><\/strong>Smith JA, Johnson KL, Brown MJ. A testmozg\u00e1s hat\u00e1sa a t\u00fals\u00falyos feln\u0151ttek v\u00e9rnyom\u00e1s\u00e1ra. <em>J Phys Act Eg\u00e9szs\u00e9g\u00fcgyi<\/em>. 2022;19(2):152-159. doi: 10.1123\/jpah.2019-0434.<\/td><\/tr><\/tbody><\/table><\/figure>\n\n\n\n<h3>\u00dajs\u00e1gok \u00e9s magazinok<\/h3>\n\n\n\n<ul>\n<li><strong>\u00dajs\u00e1g- vagy magazincikk:<\/strong><\/li>\n<\/ul>\n\n\n\n<figure class=\"wp-block-table\"><table><tbody><tr><td><strong>Form\u00e1tum: <\/strong>Szerz\u0151 AA. Cikk c\u00edme. <em>Magazin vagy \u00fajs\u00e1g c\u00edme.<\/em> H\u00f3nap Nap, \u00c9v:Oldal- Oldal.<\/td><\/tr><tr><td><strong>P\u00e9lda: <\/strong>Johnson M. Hogyan maradjunk eg\u00e9szs\u00e9gesek a megf\u00e1z\u00e1s \u00e9s az influenza idej\u00e9n. <em>Eg\u00e9szs\u00e9g<\/em>. 2022; janu\u00e1r:36-41.<\/td><\/tr><\/tbody><\/table><\/figure>\n\n\n\n<ul>\n<li><strong>Elektronikus \u00fajs\u00e1g- vagy magazincikk:<\/strong><\/li>\n<\/ul>\n\n\n\n<figure class=\"wp-block-table\"><table><tbody><tr><td><strong>Form\u00e1tum: <\/strong>Szerz\u0151 AA. Cikk c\u00edme. <em>Magazin vagy \u00fajs\u00e1g c\u00edme<\/em>. H\u00f3nap Nap, \u00c9v: Oldal- Oldal. URL. Megjelen\u00e9s d\u00e1tuma vagy Utols\u00f3 friss\u00edt\u00e9s d\u00e1tuma. Hozz\u00e1f\u00e9r\u00e9s d\u00e1tuma.<\/td><\/tr><tr><td><strong><em>P\u00e9lda:<\/em> <\/strong>Galloway G. A liber\u00e1lisok t\u00e1mad\u00e1sba lend\u00fclnek, miut\u00e1n Harper azt mondja, hogy nem \u00e1llnak ki semmi\u00e9rt. <em>The Globe and Mail<\/em>. 2012. szeptember 19. http:\/\/www.theglobeandmail.com\/news\/politics\/ liberals-go-on-the-attack-after-harper-says-they-stand-for-nothing\/article4554914\/. Friss\u00edtve 2012. szeptember 19. Hozz\u00e1f\u00e9r\u00e9s: 2012. szeptember 19.<\/td><\/tr><\/tbody><\/table><\/figure>\n\n\n\n<h3>Weboldalak<\/h3>\n\n\n\n<ul>\n<li><strong>Weboldal szerz\u0151je:<\/strong><\/li>\n<\/ul>\n\n\n\n<figure class=\"wp-block-table\"><table><tbody><tr><td><strong>Form\u00e1tum:<\/strong> Szerz\u0151 AA. Weboldal c\u00edme. A weboldal neve. URL. Megjelent vagy friss\u00edtett d\u00e1tum. Hozz\u00e1f\u00e9r\u00e9s d\u00e1tuma.<\/td><\/tr><tr><td><strong><em>P\u00e9lda:<\/em> <\/strong>Smith J. A medit\u00e1ci\u00f3 el\u0151nyei a stressz cs\u00f6kkent\u00e9s\u00e9ben. Healthline. https:\/\/www.healthline.com\/nutrition\/12-benefits-of-meditation. Megjelent 2021. augusztus 17. Hozz\u00e1f\u00e9r\u00e9s: 2023. m\u00e1rcius 2.<a href=\"https:\/\/www.healthline.com\/nutrition\/12-benefits-of-meditation\">&nbsp;<\/a><\/td><\/tr><\/tbody><\/table><\/figure>\n\n\n\n<ul>\n<li><strong>Weboldal szervezete:<\/strong><\/li>\n<\/ul>\n\n\n\n<figure class=\"wp-block-table\"><table><tbody><tr><td class=\"has-text-align-left\" data-align=\"left\"><strong>Form\u00e1tum: <\/strong>Weboldal c\u00edme. A weboldal vagy szervezet neve. URL. Megjelent vagy friss\u00edtett d\u00e1tum. Hozz\u00e1f\u00e9r\u00e9s d\u00e1tuma.<\/td><\/tr><tr><td class=\"has-text-align-left\" data-align=\"left\"><strong><em>P\u00e9lda:<\/em> <\/strong>American Heart Association. A fizikai aktivit\u00e1s jav\u00edtja az \u00e9letmin\u0151s\u00e9get. American Heart Association. https:\/\/www.heart.org\/en\/healthy-living\/fitness\/fitness-basics\/physical-activity-improves-quality-of-life<a href=\"https:\/\/www.heart.org\/en\/healthy-living\/fitness\/fitness-basics\/physical-activity-improves-quality-of-life.\">.<\/a> Megjelent 2022 febru\u00e1rj\u00e1ban. Hozz\u00e1f\u00e9r\u00e9s: 2023. m\u00e1rcius 2.<a href=\"https:\/\/www.heart.org\/en\/healthy-living\/fitness\/fitness-basics\/physical-activity-improves-quality-of-life\">&nbsp;<\/a><\/td><\/tr><\/tbody><\/table><\/figure>\n\n\n\n<ul>\n<li><strong>Weboldal Nem szerz\u0151\/nem szervezet:<\/strong><\/li>\n<\/ul>\n\n\n\n<figure class=\"wp-block-table\"><table><tbody><tr><td><strong>Form\u00e1tum: <\/strong>Weboldal c\u00edme. A weboldal neve. URL. Megjelent vagy friss\u00edtett d\u00e1tum. Hozz\u00e1f\u00e9r\u00e9s d\u00e1tuma.<\/td><\/tr><tr><td><strong><em>P\u00e9lda:<\/em> <\/strong>A n\u00f6v\u00e9nyi alap\u00fa \u00e9trend el\u0151nyei. Healthline. https:\/\/www.healthline.com\/nutrition\/plant-based-diet-benefits. Megjelent 2022 janu\u00e1rj\u00e1ban. Hozz\u00e1f\u00e9r\u00e9s: 2023. m\u00e1rcius 2.<a href=\"https:\/\/www.healthline.com\/nutrition\/plant-based-diet-benefits\">&nbsp;<\/a><\/td><\/tr><\/tbody><\/table><\/figure>\n\n\n\n<h2>Az \u00d6n alkot\u00e1sai perceken bel\u00fcl k\u00e9szen \u00e1llnak!<\/h2>\n\n\n\n<p>Egy infografika k\u00e9sz\u00edt\u00e9se a semmib\u0151l id\u0151ig\u00e9nyes lehet, k\u00fcl\u00f6n\u00f6sen, ha nincs tapasztalata a tervez\u0151szoftverekkel. Egy olyan automatikus eszk\u00f6z, mint a <a href=\"https:\/\/mindthegraph.com\" target=\"_blank\" rel=\"noreferrer noopener\">Mind The Graph<\/a> seg\u00edts\u00e9g\u00e9vel gyorsan \u00e9s egyszer\u0171en, percek alatt k\u00e9sz\u00edthet professzion\u00e1lis megjelen\u00e9s\u0171 infografik\u00e1t. Kezdje el haszn\u00e1lni a Mind The Graph-ot most!<\/p>\n\n\n\n<div style=\"height:21px\" aria-hidden=\"true\" class=\"wp-block-spacer\"><\/div>\n\n\n<div class=\"wp-block-image\">\n<figure class=\"aligncenter size-full\"><a href=\"https:\/\/mindthegraph.com\"><img decoding=\"async\" loading=\"lazy\" width=\"600\" height=\"394\" src=\"https:\/\/mindthegraph.com\/blog\/wp-content\/uploads\/2022\/12\/3yuqz9n9m78.gif\" alt=\"\" class=\"wp-image-25763\"\/><\/a><\/figure><\/div>\n\n\n<div style=\"height:44px\" aria-hidden=\"true\" class=\"wp-block-spacer\"><\/div>","protected":false},"excerpt":{"rendered":"<p>Tudjon meg mindent, amit az AMA id\u00e9z\u00e9si form\u00e1tumr\u00f3l tudni kell, bele\u00e9rtve a hivatkoz\u00e1sok, a sz\u00f6veges id\u00e9zetek \u00e9s egy\u00e9b hivatkoz\u00e1sok form\u00e1z\u00e1s\u00e1t.<\/p>","protected":false},"author":28,"featured_media":27405,"comment_status":"closed","ping_status":"closed","sticky":false,"template":"","format":"standard","meta":[],"categories":[959,28],"tags":[],"yoast_head":"<!-- This site is optimized with the Yoast SEO plugin v19.9 - https:\/\/yoast.com\/wordpress\/plugins\/seo\/ -->\n<title>Navigating the AMA Citation Format: Best Tips for Referencing<\/title>\n<meta name=\"description\" content=\"Learn everything you need to know about the AMA citation format, including how to format your references, in-text citations, and more.\" \/>\n<meta name=\"robots\" content=\"index, follow, max-snippet:-1, max-image-preview:large, max-video-preview:-1\" \/>\n<link rel=\"canonical\" href=\"https:\/\/mindthegraph.com\/blog\/hu\/ama-citation-format\/\" \/>\n<meta property=\"og:locale\" content=\"hu_HU\" \/>\n<meta property=\"og:type\" content=\"article\" \/>\n<meta property=\"og:title\" content=\"Navigating the AMA Citation Format: Best Tips for Referencing\" \/>\n<meta property=\"og:description\" content=\"Learn everything you need to know about the AMA citation format, including how to format your references, in-text citations, and more.\" \/>\n<meta property=\"og:url\" content=\"https:\/\/mindthegraph.com\/blog\/hu\/ama-citation-format\/\" \/>\n<meta property=\"og:site_name\" content=\"Mind the Graph Blog\" \/>\n<meta property=\"article:published_time\" content=\"2023-04-03T14:41:13+00:00\" \/>\n<meta property=\"article:modified_time\" content=\"2023-04-14T12:35:58+00:00\" \/>\n<meta property=\"og:image\" content=\"https:\/\/mindthegraph.com\/blog\/wp-content\/uploads\/2023\/04\/blog-11.png\" \/>\n\t<meta property=\"og:image:width\" content=\"1124\" \/>\n\t<meta property=\"og:image:height\" content=\"613\" \/>\n\t<meta property=\"og:image:type\" content=\"image\/png\" \/>\n<meta name=\"author\" content=\"Jessica Abbadia\" \/>\n<meta name=\"twitter:card\" content=\"summary_large_image\" \/>\n<meta name=\"twitter:title\" content=\"Navigating the AMA Citation Format: Best Tips for Referencing\" \/>\n<meta name=\"twitter:description\" content=\"Learn everything you need to know about the AMA citation format, including how to format your references, in-text citations, and more.\" \/>\n<meta name=\"twitter:image\" content=\"https:\/\/mindthegraph.com\/blog\/wp-content\/uploads\/2023\/04\/blog-11.png\" \/>\n<meta name=\"twitter:label1\" content=\"Written by\" \/>\n\t<meta name=\"twitter:data1\" content=\"Jessica Abbadia\" \/>\n\t<meta name=\"twitter:label2\" content=\"Est. reading time\" \/>\n\t<meta name=\"twitter:data2\" content=\"6 minutes\" \/>\n<!-- \/ Yoast SEO plugin. -->","yoast_head_json":{"title":"Navigating the AMA Citation Format: Best Tips for Referencing","description":"Learn everything you need to know about the AMA citation format, including how to format your references, in-text citations, and more.","robots":{"index":"index","follow":"follow","max-snippet":"max-snippet:-1","max-image-preview":"max-image-preview:large","max-video-preview":"max-video-preview:-1"},"canonical":"https:\/\/mindthegraph.com\/blog\/hu\/ama-citation-format\/","og_locale":"hu_HU","og_type":"article","og_title":"Navigating the AMA Citation Format: Best Tips for Referencing","og_description":"Learn everything you need to know about the AMA citation format, including how to format your references, in-text citations, and more.","og_url":"https:\/\/mindthegraph.com\/blog\/hu\/ama-citation-format\/","og_site_name":"Mind the Graph Blog","article_published_time":"2023-04-03T14:41:13+00:00","article_modified_time":"2023-04-14T12:35:58+00:00","og_image":[{"width":1124,"height":613,"url":"https:\/\/mindthegraph.com\/blog\/wp-content\/uploads\/2023\/04\/blog-11.png","type":"image\/png"}],"author":"Jessica Abbadia","twitter_card":"summary_large_image","twitter_title":"Navigating the AMA Citation Format: Best Tips for Referencing","twitter_description":"Learn everything you need to know about the AMA citation format, including how to format your references, in-text citations, and more.","twitter_image":"https:\/\/mindthegraph.com\/blog\/wp-content\/uploads\/2023\/04\/blog-11.png","twitter_misc":{"Written by":"Jessica Abbadia","Est. reading time":"6 minutes"},"schema":{"@context":"https:\/\/schema.org","@graph":[{"@type":"WebPage","@id":"https:\/\/mindthegraph.com\/blog\/ama-citation-format\/","url":"https:\/\/mindthegraph.com\/blog\/ama-citation-format\/","name":"Navigating the AMA Citation Format: Best Tips for Referencing","isPartOf":{"@id":"https:\/\/mindthegraph.com\/blog\/#website"},"datePublished":"2023-04-03T14:41:13+00:00","dateModified":"2023-04-14T12:35:58+00:00","author":{"@id":"https:\/\/mindthegraph.com\/blog\/#\/schema\/person\/96ecc2d785106e951f7773dc7c96d699"},"description":"Learn everything you need to know about the AMA citation format, including how to format your references, in-text citations, and more.","breadcrumb":{"@id":"https:\/\/mindthegraph.com\/blog\/ama-citation-format\/#breadcrumb"},"inLanguage":"hu-HU","potentialAction":[{"@type":"ReadAction","target":["https:\/\/mindthegraph.com\/blog\/ama-citation-format\/"]}]},{"@type":"BreadcrumbList","@id":"https:\/\/mindthegraph.com\/blog\/ama-citation-format\/#breadcrumb","itemListElement":[{"@type":"ListItem","position":1,"name":"Home","item":"https:\/\/mindthegraph.com\/blog\/"},{"@type":"ListItem","position":2,"name":"Navigating the AMA Citation Format: Best Tips for Referencing"}]},{"@type":"WebSite","@id":"https:\/\/mindthegraph.com\/blog\/#website","url":"https:\/\/mindthegraph.com\/blog\/","name":"Mind the Graph Blog","description":"Your science can be beautiful!","potentialAction":[{"@type":"SearchAction","target":{"@type":"EntryPoint","urlTemplate":"https:\/\/mindthegraph.com\/blog\/?s={search_term_string}"},"query-input":"required name=search_term_string"}],"inLanguage":"hu-HU"},{"@type":"Person","@id":"https:\/\/mindthegraph.com\/blog\/#\/schema\/person\/96ecc2d785106e951f7773dc7c96d699","name":"Jessica Abbadia","image":{"@type":"ImageObject","inLanguage":"hu-HU","@id":"https:\/\/mindthegraph.com\/blog\/#\/schema\/person\/image\/","url":"https:\/\/secure.gravatar.com\/avatar\/f477bd20199beb376b04b2fda9a2cec5?s=96&d=mm&r=g","contentUrl":"https:\/\/secure.gravatar.com\/avatar\/f477bd20199beb376b04b2fda9a2cec5?s=96&d=mm&r=g","caption":"Jessica Abbadia"},"description":"Jessica Abbadia is a lawyer that has been working in Digital Marketing since 2020, improving organic performance for apps and websites in various regions through ASO and SEO. Currently developing scientific and intellectual knowledge for the community's benefit. Jessica is an animal rights activist who enjoys reading and drinking strong coffee.","sameAs":["https:\/\/www.linkedin.com\/in\/jessica-abbadia-9b834a13b\/"],"url":"https:\/\/mindthegraph.com\/blog\/hu\/author\/jessica\/"}]}},"_links":{"self":[{"href":"https:\/\/mindthegraph.com\/blog\/hu\/wp-json\/wp\/v2\/posts\/27391"}],"collection":[{"href":"https:\/\/mindthegraph.com\/blog\/hu\/wp-json\/wp\/v2\/posts"}],"about":[{"href":"https:\/\/mindthegraph.com\/blog\/hu\/wp-json\/wp\/v2\/types\/post"}],"author":[{"embeddable":true,"href":"https:\/\/mindthegraph.com\/blog\/hu\/wp-json\/wp\/v2\/users\/28"}],"replies":[{"embeddable":true,"href":"https:\/\/mindthegraph.com\/blog\/hu\/wp-json\/wp\/v2\/comments?post=27391"}],"version-history":[{"count":4,"href":"https:\/\/mindthegraph.com\/blog\/hu\/wp-json\/wp\/v2\/posts\/27391\/revisions"}],"predecessor-version":[{"id":27407,"href":"https:\/\/mindthegraph.com\/blog\/hu\/wp-json\/wp\/v2\/posts\/27391\/revisions\/27407"}],"wp:featuredmedia":[{"embeddable":true,"href":"https:\/\/mindthegraph.com\/blog\/hu\/wp-json\/wp\/v2\/media\/27405"}],"wp:attachment":[{"href":"https:\/\/mindthegraph.com\/blog\/hu\/wp-json\/wp\/v2\/media?parent=27391"}],"wp:term":[{"taxonomy":"category","embeddable":true,"href":"https:\/\/mindthegraph.com\/blog\/hu\/wp-json\/wp\/v2\/categories?post=27391"},{"taxonomy":"post_tag","embeddable":true,"href":"https:\/\/mindthegraph.com\/blog\/hu\/wp-json\/wp\/v2\/tags?post=27391"}],"curies":[{"name":"wp","href":"https:\/\/api.w.org\/{rel}","templated":true}]}}