{"id":11872,"date":"2020-11-09T10:13:29","date_gmt":"2020-11-09T12:13:29","guid":{"rendered":"https:\/\/mindthegraph.com\/blog\/?p=11872"},"modified":"2022-11-24T12:07:01","modified_gmt":"2022-11-24T15:07:01","slug":"water-in-the-moon-the-infrared-explanation","status":"publish","type":"post","link":"https:\/\/mindthegraph.com\/blog\/hu\/viz-a-holdban-az-frissen-magyarazat\/","title":{"rendered":"V\u00edz a Holdban (nem el\u00e9g egy \u00fasz\u00f3medenc\u00e9hez) - Az infrav\u00f6r\u00f6s magyar\u00e1zat"},"content":{"rendered":"<p>Rendben, rendben, tal\u00e1n egy kicsit t\u00falzok a fenti k\u00e9pen - hatalmas mennyis\u00e9g\u0171 v\u00edz, halak, cs\u00f3nakok \u00e9s \u00fasz\u00f3k, akik j\u00f3l \u00e9rzik magukat a Hold foly\u00f3ban. <\/p>\n\n\n\n<p>De \u00e9n csak azt akartam mondani, hogy 2020. okt\u00f3ber 26-\u00e1n a Nature Astronomy k\u00f6zz\u00e9tett egy tanulm\u00e1nyt, amely meger\u0151s\u00edti, hogy vizet \u00e9szleltek a Holdon. Val\u00f3j\u00e1ban nem is ak\u00e1rmilyen v\u00edzr\u0151l volt sz\u00f3, hanem molekul\u00e1ris v\u00edzr\u0151l - annak legkisebb egys\u00e9g\u00e9r\u0151l. <\/p>\n\n\n<div class=\"wp-block-image\">\n<figure class=\"aligncenter size-large\"><img decoding=\"async\" loading=\"lazy\" width=\"254\" height=\"156\" src=\"https:\/\/mindthegraph.com\/blog\/wp-content\/uploads\/2020\/11\/water-molecules.png\" alt=\"\" class=\"wp-image-11876\"\/><\/figure><\/div>\n\n\n<p>A tanulm\u00e1ny meger\u0151s\u00edti, hogy 2018. augusztus 31-\u00e9n a SOFIA teleszk\u00f3phoz csatlakoztatott FORCAST nev\u0171 infrav\u00f6r\u00f6s kamera seg\u00edts\u00e9g\u00e9vel vizet \u00e9szleltek a Hold bizonyos kr\u00e1tereiben. <\/p>\n\n\n\n<p>A kamera er\u0151s 6 \u00b5m-es emisszi\u00f3s s\u00e1vot detekt\u00e1lt, amelyet \u00f6sszehasonl\u00edtottunk m\u00e1s tanulm\u00e1nyokkal \u00e9s az irodalmi \u00e9rt\u00e9kekkel, ami meger\u0151s\u00edtette az adatok \u00e9rv\u00e9nyess\u00e9g\u00e9t.<\/p>\n\n\n\n<p>Az infrav\u00f6r\u00f6s anal\u00edzis egyszer\u0171 magyar\u00e1zata az, hogy az elektrom\u00e1gneses spektrum sz\u00e9les tartom\u00e1ny\u00e1t, 14000 \u00e9s 10 cm-1 k\u00f6z\u00f6tti tartom\u00e1nyt \u00f6leli fel, ami alapvet\u0151en az energia m\u00e9r\u00e9se, \u00e9s annak az anyaggal val\u00f3 k\u00f6lcs\u00f6nhat\u00e1sa. <\/p>\n\n\n\n<p>Ez a k\u00f6lcs\u00f6nhat\u00e1s t\u00f6rt\u00e9nhet <strong>elnyel\u0151, kibocs\u00e1t\u00f3 vagy visszaver\u0151<\/strong> valamilyen szint\u0171 energia. Ez a m\u00e9r\u00e9s nemcsak egy ismeretlen molekul\u00e1t, hanem annak jellemz\u0151it is azonos\u00edtani tudja.<\/p>\n\n\n<div class=\"wp-block-image\">\n<figure class=\"aligncenter size-large\"><img decoding=\"async\" loading=\"lazy\" width=\"729\" height=\"691\" src=\"https:\/\/mindthegraph.com\/blog\/wp-content\/uploads\/2020\/11\/water-on-the-moon-1.png\" alt=\"\" class=\"wp-image-11880\" srcset=\"https:\/\/mindthegraph.com\/blog\/wp-content\/uploads\/2020\/11\/water-on-the-moon-1.png 729w, https:\/\/mindthegraph.com\/blog\/wp-content\/uploads\/2020\/11\/water-on-the-moon-1-300x284.png 300w\" sizes=\"(max-width: 729px) 100vw, 729px\" \/><\/figure><\/div>\n\n\n<p>A FORCAST \u00e1ltal \u00e9szlelt er\u0151s 6 \u00b5m-es emisszi\u00f3s s\u00e1v az infrav\u00f6r\u00f6s s\u00e1vsz\u00e9less\u00e9g egy meghat\u00e1rozott r\u00e9gi\u00f3j\u00e1b\u00f3l, a k\u00f6z\u00e9p-infrav\u00f6r\u00f6sb\u0151l sz\u00e1rmazik, 4000 \u00e9s 400 cm-1 k\u00f6z\u00f6tt. <\/p>\n\n\n\n<p>Ezt a r\u00e9szt \u00e1ltal\u00e1ban a k\u00f6vetkez\u0151k megfigyel\u00e9s\u00e9re \u00e9s elemz\u00e9s\u00e9re haszn\u00e1lj\u00e1k. <strong>alaprezg\u00e9sek<\/strong> a molekulaszerkezethez kapcsol\u00f3d\u00f3an. Az anyagok b\u00e1rmilyen form\u00e1ban - szil\u00e1rd, foly\u00e9kony vagy g\u00e1znem\u0171 - elemezhet\u0151ek.<\/p>\n\n\n\n<p>Mivel az ilyen molekul\u00e1k rezg\u00e9seit sz\u00e9les k\u00f6rben haszn\u00e1lj\u00e1k a molekulaszerkezetek tanulm\u00e1nyoz\u00e1s\u00e1ra, ismert, hogy egy-egy molekula k\u00e9pes elnyelni, kisug\u00e1rozni vagy visszaverni az energi\u00e1t egy bizonyos frekvenci\u00e1n, amely megfelel bizonyos szerkezeti jellemz\u0151knek. <\/p>\n\n\n\n<p>Ez az\u00e9rt t\u00f6rt\u00e9nik, mert a molekul\u00e1k nem statikus objektumok, az atomok k\u00f6z\u00f6tti k\u00e9miai k\u00f6t\u00e9sek \u00e1lland\u00f3 mozg\u00e1sban vannak, dinamikusak, \u00e9s k\u00fcl\u00f6nb\u00f6z\u0151 energiaszintekkel l\u00e9pnek k\u00f6lcs\u00f6nhat\u00e1sba. <\/p>\n\n\n\n<p>A v\u00edzmolekula p\u00e9ld\u00e1ul h\u00e1rom k\u00fcl\u00f6nb\u00f6z\u0151 m\u00f3don rezeghet. Ezek k\u00f6z\u00fcl kett\u0151 az oxig\u00e9n-hidrog\u00e9n k\u00f6t\u00e9s megny\u00fal\u00e1sa \u00e9s ny\u00fajt\u00e1sa, a m\u00e1sik pedig a sz\u00f6gletes deform\u00e1ci\u00f3. <\/p>\n\n\n\n<p>Ok\u00e9, most vegy\u00fck laz\u00e1n: a v\u00edzmolekul\u00e1nak k\u00e9t k\u00f6t\u00e9se van, igaz? Igen. <\/p>\n\n\n\n<p>Ez a kett\u0151 mozoghat szimmetrikusan, egyszerre felfel\u00e9 \u00e9s lefel\u00e9, \u00e9s aszimmetrikusan is, amikor az egyik k\u00f6tv\u00e9ny felfel\u00e9, a m\u00e1sik pedig lefel\u00e9 mozog. <\/p>\n\n\n\n<p>Ez a k\u00e9tf\u00e9le rezg\u00e9s a <a href=\"https:\/\/upload.wikimedia.org\/wikipedia\/commons\/0\/0e\/Symmetrical_stretching.gif\">szimmetrikus ny\u00fajt\u00e1s<\/a> \u00e9s <a href=\"https:\/\/upload.wikimedia.org\/wikipedia\/commons\/0\/0c\/Asymmetrical_stretching.gif\">aszimmetrikus ny\u00fajt\u00e1s<\/a>. A harmadik rezg\u00e9s nem egy felfel\u00e9 vagy lefel\u00e9 ir\u00e1nyul\u00f3 mozg\u00e1s, ink\u00e1bb egy sz\u00f6gletes mozg\u00e1s, mint egy leng\u00e9s. <a href=\"https:\/\/upload.wikimedia.org\/wikipedia\/commons\/6\/60\/Scissoring.gif\">szimmetrikus deform\u00e1ci\u00f3<\/a>. <\/p>\n\n\n<div class=\"wp-block-image\">\n<figure class=\"aligncenter size-large\"><img decoding=\"async\" loading=\"lazy\" width=\"567\" height=\"425\" src=\"https:\/\/mindthegraph.com\/blog\/wp-content\/uploads\/2020\/11\/symmetric-stretch.png\" alt=\"szimmetrikus ny\u00fajt\u00e1s\" class=\"wp-image-11873\" srcset=\"https:\/\/mindthegraph.com\/blog\/wp-content\/uploads\/2020\/11\/symmetric-stretch.png 567w, https:\/\/mindthegraph.com\/blog\/wp-content\/uploads\/2020\/11\/symmetric-stretch-300x225.png 300w\" sizes=\"(max-width: 567px) 100vw, 567px\" \/><\/figure><\/div>\n\n\n<p>Ha gifeket szeretn\u00e9l l\u00e1tni, hogy jobban meg\u00e9rtsd, milyen rezg\u00e9se van a molekul\u00e1nak, megn\u00e9zheted, ha a sz\u00f6vegben a fenti nevekre kattintasz.&nbsp;  <\/p>\n\n\n\n<p>Most t\u00e9rj\u00fcnk vissza a cikkhez.<\/p>\n\n\n<div class=\"wp-block-image\">\n<figure class=\"aligncenter size-large\"><img decoding=\"async\" loading=\"lazy\" width=\"374\" height=\"201\" src=\"https:\/\/mindthegraph.com\/blog\/wp-content\/uploads\/2020\/11\/go-on.png\" alt=\"\" class=\"wp-image-11874\" srcset=\"https:\/\/mindthegraph.com\/blog\/wp-content\/uploads\/2020\/11\/go-on.png 374w, https:\/\/mindthegraph.com\/blog\/wp-content\/uploads\/2020\/11\/go-on-300x161.png 300w\" sizes=\"(max-width: 374px) 100vw, 374px\" \/><\/figure><\/div>\n\n\n<p>Az er\u0151s 6 \u00b5m-es emisszi\u00f3s s\u00e1vot a Hold egy meghat\u00e1rozott ter\u00fclet\u00e9n, a Clavius-kr\u00e1terben \u00e9s a k\u00f6rnyez\u0151, magas sz\u00e9less\u00e9gi fokokon elhelyezked\u0151 terepen figyelt\u00e9k meg. <\/p>\n\n\n\n<p>Hogy megbizonyosodjanak arr\u00f3l, hogy val\u00f3ban egy H2O infrav\u00f6r\u00f6s s\u00e1vot l\u00e1tnak, a tud\u00f3sok kor\u00e1bbi, v\u00edztartalm\u00fa anyagokra vonatkoz\u00f3 adatokat haszn\u00e1ltak fel a holdi s\u00e1v tulajdons\u00e1gainak meger\u0151s\u00edt\u00e9s\u00e9re; a bolyg\u00f3 megl\u00e9v\u0151 anyag\u00e1t is megvizsg\u00e1lt\u00e1k, hogy l\u00e1ss\u00e1k a 6 \u00b5m-es H2O-s\u00e1vot, \u00e9s \u00f6sszehasonl\u00edts\u00e1k azt az \u00e9szlelt s\u00e1vval. Ezen \u00f6sszehasonl\u00edt\u00e1sok alapj\u00e1n meger\u0151s\u00edtett\u00e9k, hogy a s\u00e1v molekul\u00e1ris v\u00edzb\u0151l sz\u00e1rmazik.<\/p>\n\n\n\n<p>Ez a s\u00e1v azonban nem az egyetlen, amelyet a Hold felsz\u00edn\u00e9n \u00e9szleltek. Egy m\u00e1sik 3 \u00b5m-es abszorpci\u00f3s s\u00e1vot is \u00e9szleltek, amely tov\u00e1bbi vizet jelenthet. <\/p>\n\n\n\n<p>Ez a m\u00e1sodik s\u00e1v a Hold egyenl\u00edt\u0151j\u00e9nek k\u00f6zel\u00e9ben volt jelen, az els\u0151 s\u00e1vt\u00f3l elt\u00e9r\u0151 helyen. <\/p>\n\n\n\n<p>\u00dagy t\u0171nik teh\u00e1t, hogy a tud\u00f3sok \u00e1ltal gy\u0171jt\u00f6tt adatokban sokat v\u00e1ltozik a helysz\u00edn.<\/p>\n\n\n\n<p>A 6 \u00b5m-es s\u00e1vt\u00f3l elt\u00e9r\u0151en, amely a v\u00edzmolekula nagyon jellegzetes s\u00e1vja, ez a 3 \u00b5m-es s\u00e1v egy olyan molekul\u00e1t k\u00e9pvisel, amely v\u00edzz\u00e9 alak\u00edthatja, a hidroxil (O-H) s\u00e1vot. <\/p>\n\n\n\n<p>Ez azt jelenti, hogy a v\u00edz a hidroxilb\u00f3l k\u00e9miai \u00e1talakul\u00e1si reakci\u00f3kb\u00f3l is k\u00e9pz\u0151dhet a Hold felsz\u00edn\u00e9n l\u00e9v\u0151 v\u00edzben.<\/p>\n\n\n<div class=\"wp-block-image\">\n<figure class=\"aligncenter size-large\"><img decoding=\"async\" loading=\"lazy\" width=\"274\" height=\"102\" src=\"https:\/\/mindthegraph.com\/blog\/wp-content\/uploads\/2020\/11\/hydrojen-and-oxygen-molecule.png\" alt=\"\" class=\"wp-image-11875\"\/><\/figure><\/div>\n\n\n<p>Megk\u00e9rdezhetitek, \"hogyan lehets\u00e9ges, hogy a Hold felsz\u00edn\u00e9n v\u00edz van?\". Vagy ak\u00e1r azt, hogy \"honnan sz\u00e1rmazik a v\u00edz?\". Nos, a cikkben van egy elm\u00e9let\u00fck.<\/p>\n\n\n\n<p> \"A holdi talajban l\u00e9v\u0151 v\u00edz eredet\u00e9nek t\u00f6bb mechanizmusa is relev\u00e1ns az adataink szempontj\u00e1b\u00f3l\" - \u00e1ll a cikkben, valamint: \"A holdi exoszf\u00e9r\u00e1ban jelenl\u00e9v\u0151 v\u00edz k\u00e9miailag megk\u00f6t\u0151dhet a szemcs\u00e9k fel\u00fclet\u00e9n. <\/p>\n\n\n\n<p>A vizet ill\u00e9kony anyagokban gazdag mikrometeoritok juttathatj\u00e1k be, \u00e9s ennek a v\u00edznek egy r\u00e9sze megmaradhat az ilyen becsap\u00f3d\u00e1sokb\u00f3l sz\u00e1rmaz\u00f3 \u00fcvegekben, vagy az exoszf\u00e9r\u00e1ba ker\u00fclve el\u00e9rhet\u0151v\u00e9 v\u00e1lik a kemiszorpci\u00f3 sz\u00e1m\u00e1ra\" (HONNIBALL et al., 2020).<\/p>\n\n\n\n<p>M\u00e1s sz\u00f3val, a v\u00edz sz\u00e1rmazhat a mikrometeoritokb\u00f3l, \u00e9s amikor azok a Hold felsz\u00edn\u00e9n \u00f6sszet\u00f6rnek, a molekul\u00e1k megmaradnak valamiben, amit a tud\u00f3sok \u00fcvegeknek \u00e9s szemcs\u00e9s felsz\u00edneknek neveztek el.&nbsp;  <\/p>\n\n\n\n<p>A k\u00f6zz\u00e9tett cikk eredm\u00e9nyei k\u00f6vetkezetes m\u00f3don arra a k\u00f6vetkeztet\u00e9sre jutnak, hogy l\u00e9tezik egy olyan mechanizmus, amely becsap\u00f3d\u00e1s \u00fatj\u00e1n vizet termel a Hold felsz\u00edn\u00e9n. <\/p>\n\n\n\n<p>De sajnos ennek a folyamatnak a fejl\u0151d\u00e9se nagyon kicsi\/apr\u00f3bb\/kisebb, \u00e9s tal\u00e1n soha nem fogunk \u00fasz\u00f3versenyt l\u00e1tni a Holdon. Sajn\u00e1lom emberek, be kell \u00e9rn\u00fcnk a szok\u00e1sos medenc\u00e9inkkel, strandjainkkal, foly\u00f3inkkal \u00e9s \u00f3ce\u00e1njainkkal.<\/p>\n\n\n\n<p>Ha el szeretn\u00e9 olvasni a teljes cikket, \u00e9s tov\u00e1bbi inform\u00e1ci\u00f3kat szeretne kapni, itt van:<\/p>\n\n\n\n<p><em>HONNIBALL, C. I. et al. A SOFIA \u00e1ltal a naps\u00fct\u00f6tte Holdon \u00e9szlelt molekul\u00e1ris v\u00edz. <strong>Term\u00e9szet Csillag\u00e1szat<\/strong>, 1-7. o., 26. o. 2020.<\/em><\/p>\n\n\n\n<p>Most, ha olyan klassz k\u00e9pet szeretn\u00e9l csin\u00e1lni, mint amilyeneket itt l\u00e1tt\u00e1l, akkor pr\u00f3b\u00e1ld ki az Mind the Graph-t! Az Mind the Graph egy olyan platform, amely lehet\u0151v\u00e9 teszi, hogy kutat\u00e1si projektj\u00e9t, digit\u00e1lis tartalm\u00e1t vizu\u00e1lisabb \u00e9s vonz\u00f3bb m\u00f3don mutassa be, pr\u00f3b\u00e1lja ki az Mind the Graph-t! Kattintson a <a href=\"https:\/\/mindthegraph.com\">itt<\/a> hogy elkezdje haszn\u00e1lni.<\/p>\n\n\n\n<p>\u00c9s ha olyan vegy\u00e9sz vagy, mint \u00e9n, akkor haszn\u00e1lhatod a <a href=\"https:\/\/app.mindthegraph.com\/illustrations\/subcategory\/chemistry\">K\u00e9miai gal\u00e9ria<\/a> a munk\u00e1dban, nincs t\u00f6bb szenved\u00e9s a molekul\u00e1k l\u00e9trehoz\u00e1s\u00e1\u00e9rt, itt gy\u00f6ny\u00f6r\u0171 molekul\u00e1k \u00e9s strukt\u00far\u00e1k lehetnek. Ellen\u0151rizze a  c\u00edmet. <a href=\"https:\/\/mindthegraph.com\">Mind the Graph<\/a>. <\/p>","protected":false},"excerpt":{"rendered":"<p>Rendben, rendben, tal\u00e1n egy kicsit t\u00falzok a fenti k\u00e9pen - hatalmas mennyis\u00e9g\u0171 v\u00edz, halak, cs\u00f3nakok \u00e9s \u00fasz\u00f3k, akik j\u00f3l \u00e9rzik magukat a Hold foly\u00f3ban. De csak annyit akartam mondani, hogy 2020. okt\u00f3ber 26-\u00e1n a Nature Astronomy k\u00f6z\u00f6lt egy tanulm\u00e1nyt, amely meger\u0151s\u00edti, hogy \u00e9szlelt\u00e9k [...]<\/p>","protected":false},"author":4,"featured_media":11878,"comment_status":"closed","ping_status":"closed","sticky":false,"template":"","format":"standard","meta":[],"categories":[959,28],"tags":[554],"yoast_head":"<!-- This site is optimized with the Yoast SEO plugin v19.9 - https:\/\/yoast.com\/wordpress\/plugins\/seo\/ -->\n<title>Water in the Moon \u2013 The Infrared Explanation<\/title>\n<meta name=\"description\" content=\"Scientists have found water particles in the moon. Read this blog post to know what they found on the surface of the moon.\" \/>\n<meta name=\"robots\" content=\"index, follow, max-snippet:-1, max-image-preview:large, max-video-preview:-1\" \/>\n<link rel=\"canonical\" href=\"https:\/\/mindthegraph.com\/blog\/hu\/viz-a-holdban-az-frissen-magyarazat\/\" \/>\n<meta property=\"og:locale\" content=\"hu_HU\" \/>\n<meta property=\"og:type\" content=\"article\" \/>\n<meta property=\"og:title\" content=\"Water in the Moon \u2013 The Infrared Explanation\" \/>\n<meta property=\"og:description\" content=\"Scientists have found water particles in the moon. Read this blog post to know what they found on the surface of the moon.\" \/>\n<meta property=\"og:url\" content=\"https:\/\/mindthegraph.com\/blog\/hu\/viz-a-holdban-az-frissen-magyarazat\/\" \/>\n<meta property=\"og:site_name\" content=\"Mind the Graph Blog\" \/>\n<meta property=\"article:published_time\" content=\"2020-11-09T12:13:29+00:00\" \/>\n<meta property=\"article:modified_time\" content=\"2022-11-24T15:07:01+00:00\" \/>\n<meta property=\"og:image\" content=\"https:\/\/mindthegraph.com\/blog\/wp-content\/uploads\/2020\/11\/water-in-the-moon.png\" \/>\n\t<meta property=\"og:image:width\" content=\"1110\" \/>\n\t<meta property=\"og:image:height\" content=\"600\" \/>\n\t<meta property=\"og:image:type\" content=\"image\/png\" \/>\n<meta name=\"author\" content=\"Fabricio Pamplona\" \/>\n<meta name=\"twitter:card\" content=\"summary_large_image\" \/>\n<meta name=\"twitter:label1\" content=\"Written by\" \/>\n\t<meta name=\"twitter:data1\" content=\"Fabricio Pamplona\" \/>\n\t<meta name=\"twitter:label2\" content=\"Est. reading time\" \/>\n\t<meta name=\"twitter:data2\" content=\"6 minutes\" \/>\n<!-- \/ Yoast SEO plugin. -->","yoast_head_json":{"title":"Water in the Moon \u2013 The Infrared Explanation","description":"Scientists have found water particles in the moon. Read this blog post to know what they found on the surface of the moon.","robots":{"index":"index","follow":"follow","max-snippet":"max-snippet:-1","max-image-preview":"max-image-preview:large","max-video-preview":"max-video-preview:-1"},"canonical":"https:\/\/mindthegraph.com\/blog\/hu\/viz-a-holdban-az-frissen-magyarazat\/","og_locale":"hu_HU","og_type":"article","og_title":"Water in the Moon \u2013 The Infrared Explanation","og_description":"Scientists have found water particles in the moon. Read this blog post to know what they found on the surface of the moon.","og_url":"https:\/\/mindthegraph.com\/blog\/hu\/viz-a-holdban-az-frissen-magyarazat\/","og_site_name":"Mind the Graph Blog","article_published_time":"2020-11-09T12:13:29+00:00","article_modified_time":"2022-11-24T15:07:01+00:00","og_image":[{"width":1110,"height":600,"url":"https:\/\/mindthegraph.com\/blog\/wp-content\/uploads\/2020\/11\/water-in-the-moon.png","type":"image\/png"}],"author":"Fabricio Pamplona","twitter_card":"summary_large_image","twitter_misc":{"Written by":"Fabricio Pamplona","Est. reading time":"6 minutes"},"schema":{"@context":"https:\/\/schema.org","@graph":[{"@type":"WebPage","@id":"https:\/\/mindthegraph.com\/blog\/water-in-the-moon-the-infrared-explanation\/","url":"https:\/\/mindthegraph.com\/blog\/water-in-the-moon-the-infrared-explanation\/","name":"Water in the Moon \u2013 The Infrared Explanation","isPartOf":{"@id":"https:\/\/mindthegraph.com\/blog\/#website"},"datePublished":"2020-11-09T12:13:29+00:00","dateModified":"2022-11-24T15:07:01+00:00","author":{"@id":"https:\/\/mindthegraph.com\/blog\/#\/schema\/person\/c8eaee6d8007ac319523c3ddc98cedd3"},"description":"Scientists have found water particles in the moon. Read this blog post to know what they found on the surface of the moon.","breadcrumb":{"@id":"https:\/\/mindthegraph.com\/blog\/water-in-the-moon-the-infrared-explanation\/#breadcrumb"},"inLanguage":"hu-HU","potentialAction":[{"@type":"ReadAction","target":["https:\/\/mindthegraph.com\/blog\/water-in-the-moon-the-infrared-explanation\/"]}]},{"@type":"BreadcrumbList","@id":"https:\/\/mindthegraph.com\/blog\/water-in-the-moon-the-infrared-explanation\/#breadcrumb","itemListElement":[{"@type":"ListItem","position":1,"name":"Home","item":"https:\/\/mindthegraph.com\/blog\/"},{"@type":"ListItem","position":2,"name":"Water in the Moon (Not Enough for a Swimming Pool) \u2013 The Infrared Explanation"}]},{"@type":"WebSite","@id":"https:\/\/mindthegraph.com\/blog\/#website","url":"https:\/\/mindthegraph.com\/blog\/","name":"Mind the Graph Blog","description":"Your science can be beautiful!","potentialAction":[{"@type":"SearchAction","target":{"@type":"EntryPoint","urlTemplate":"https:\/\/mindthegraph.com\/blog\/?s={search_term_string}"},"query-input":"required name=search_term_string"}],"inLanguage":"hu-HU"},{"@type":"Person","@id":"https:\/\/mindthegraph.com\/blog\/#\/schema\/person\/c8eaee6d8007ac319523c3ddc98cedd3","name":"Fabricio Pamplona","image":{"@type":"ImageObject","inLanguage":"hu-HU","@id":"https:\/\/mindthegraph.com\/blog\/#\/schema\/person\/image\/","url":"https:\/\/secure.gravatar.com\/avatar\/da6985d9f20ecb24f3238df103a638ac?s=96&d=mm&r=g","contentUrl":"https:\/\/secure.gravatar.com\/avatar\/da6985d9f20ecb24f3238df103a638ac?s=96&d=mm&r=g","caption":"Fabricio Pamplona"},"description":"Fabricio Pamplona is the founder of Mind the Graph - a tool used by over 400K users in 60 countries. He has a Ph.D. and solid scientific background in Psychopharmacology and experience as a Guest Researcher at the Max Planck Institute of Psychiatry (Germany) and Researcher in D'Or Institute for Research and Education (IDOR, Brazil). Fabricio holds over 2500 citations in Google Scholar. He has 10 years of experience in small innovative businesses, with relevant experience in product design and innovation management. Connect with him on LinkedIn - Fabricio Pamplona.","sameAs":["http:\/\/mindthegraph.com","https:\/\/www.linkedin.com\/in\/fabriciopamplona"],"url":"https:\/\/mindthegraph.com\/blog\/hu\/author\/fabricio\/"}]}},"_links":{"self":[{"href":"https:\/\/mindthegraph.com\/blog\/hu\/wp-json\/wp\/v2\/posts\/11872"}],"collection":[{"href":"https:\/\/mindthegraph.com\/blog\/hu\/wp-json\/wp\/v2\/posts"}],"about":[{"href":"https:\/\/mindthegraph.com\/blog\/hu\/wp-json\/wp\/v2\/types\/post"}],"author":[{"embeddable":true,"href":"https:\/\/mindthegraph.com\/blog\/hu\/wp-json\/wp\/v2\/users\/4"}],"replies":[{"embeddable":true,"href":"https:\/\/mindthegraph.com\/blog\/hu\/wp-json\/wp\/v2\/comments?post=11872"}],"version-history":[{"count":5,"href":"https:\/\/mindthegraph.com\/blog\/hu\/wp-json\/wp\/v2\/posts\/11872\/revisions"}],"predecessor-version":[{"id":25555,"href":"https:\/\/mindthegraph.com\/blog\/hu\/wp-json\/wp\/v2\/posts\/11872\/revisions\/25555"}],"wp:featuredmedia":[{"embeddable":true,"href":"https:\/\/mindthegraph.com\/blog\/hu\/wp-json\/wp\/v2\/media\/11878"}],"wp:attachment":[{"href":"https:\/\/mindthegraph.com\/blog\/hu\/wp-json\/wp\/v2\/media?parent=11872"}],"wp:term":[{"taxonomy":"category","embeddable":true,"href":"https:\/\/mindthegraph.com\/blog\/hu\/wp-json\/wp\/v2\/categories?post=11872"},{"taxonomy":"post_tag","embeddable":true,"href":"https:\/\/mindthegraph.com\/blog\/hu\/wp-json\/wp\/v2\/tags?post=11872"}],"curies":[{"name":"wp","href":"https:\/\/api.w.org\/{rel}","templated":true}]}}