{"id":55871,"date":"2025-01-23T14:05:08","date_gmt":"2025-01-23T17:05:08","guid":{"rendered":"https:\/\/mindthegraph.com\/blog\/?p=55871"},"modified":"2025-01-23T14:05:11","modified_gmt":"2025-01-23T17:05:11","slug":"how-to-cite-a-book","status":"publish","type":"post","link":"https:\/\/mindthegraph.com\/blog\/cs\/how-to-cite-a-book\/","title":{"rendered":"Jak citovat knihu: Jednoduch\u00e9 kroky pro p\u0159esn\u00e9 odkazov\u00e1n\u00ed"},"content":{"rendered":"<p>Nau\u010dit se citovat knihu je pro akademick\u00e9 psan\u00ed z\u00e1sadn\u00ed, proto\u017ee zaji\u0161\u0165uje srozumitelnost, d\u016fv\u011bryhodnost a v\u011bdeckou integritu. Tento pr\u016fvodce v\u00e1s provede t\u00edm, jak citovat knihy pomoc\u00ed styl\u016f MLA, APA a Chicago, a pom\u016f\u017ee v\u00e1m tak dodr\u017eet akademick\u00e9 standardy.<\/p>\n\n\n\n<p>Spr\u00e1vn\u00e9 pochopen\u00ed toho, jak citovat knihu, m\u00e1 n\u011bkolik \u00fa\u010del\u016f: vyjad\u0159uje uzn\u00e1n\u00ed p\u016fvodn\u00edm autor\u016fm a jejich p\u0159\u00edsp\u011bvk\u016fm, poskytuje \u010dten\u00e1\u0159\u016fm n\u00e1vod, jak naj\u00edt zdroje, na kter\u00e9 odkazujete, a prokazuje, \u017ee jste se sezn\u00e1mili s existuj\u00edc\u00ed literaturou ve sv\u00e9m oboru. Pokud citujete sv\u00e9 zdroje p\u0159esn\u011b, nejen\u017ee zvy\u0161ujete kvalitu sv\u00e9 pr\u00e1ce, ale tak\u00e9 p\u0159isp\u00edv\u00e1te ke kultu\u0159e respektu a odpov\u011bdnosti v r\u00e1mci akademick\u00e9 komunity.<\/p>\n\n\n\n<h2>Jak citovat knihu nap\u0159\u00ed\u010d cita\u010dn\u00edmi styly<\/h2>\n\n\n\n<p>Pochopen\u00ed toho, jak citovat knihu, za\u010d\u00edn\u00e1 zvl\u00e1dnut\u00edm cita\u010dn\u00edch styl\u016f, proto\u017ee r\u016fzn\u00e9 obory pou\u017e\u00edvaj\u00ed jedine\u010dn\u00e9 form\u00e1ty, aby zajistily konzistenci a d\u016fv\u011bryhodnost. Zde jsou uvedeny n\u011bkter\u00e9 z nej\u010dast\u011bji pou\u017e\u00edvan\u00fdch cita\u010dn\u00edch styl\u016f a jejich kl\u00ed\u010dov\u00e9 charakteristiky:<\/p>\n\n\n\n<h3>B\u011b\u017en\u00e9 cita\u010dn\u00ed styly<\/h3>\n\n\n\n<p>V akademick\u00e9m psan\u00ed je spr\u00e1vn\u00e9 citov\u00e1n\u00ed z\u00e1sadn\u00ed pro zaji\u0161t\u011bn\u00ed d\u016fv\u011bryhodnosti a zamezen\u00ed plagi\u00e1torstv\u00ed. N\u00ed\u017ee uv\u00e1d\u00edme p\u0159ehled t\u0159\u00ed nejb\u011b\u017en\u011bj\u0161\u00edch cita\u010dn\u00edch styl\u016f pou\u017e\u00edvan\u00fdch v r\u016fzn\u00fdch oborech: MLA, APA a Chicago.<\/p>\n\n\n\n<h4>P\u0159ehled stylu MLA (Modern Language Association)<\/h4>\n\n\n\n<ul>\n<li><strong>\u00da\u010del<\/strong>: Pou\u017e\u00edv\u00e1 se p\u0159edev\u0161\u00edm v humanitn\u00edch v\u011bd\u00e1ch, zejm\u00e9na v literatu\u0159e, kulturn\u00edch studi\u00edch a um\u011bn\u00ed. MLA se zam\u011b\u0159uje na v\u00fdznam autorstv\u00ed a d\u00edla samotn\u00e9ho.<\/li>\n\n\n\n<li><strong>Kl\u00ed\u010dov\u00e9 vlastnosti<\/strong>:\n<ul>\n<li><strong>Citace v textu<\/strong>: Pou\u017e\u00edv\u00e1 citace v z\u00e1vorce, kter\u00e9 obsahuj\u00ed p\u0159\u00edjmen\u00ed autora a \u010d\u00edslo str\u00e1nky bez \u010d\u00e1rky (nap\u0159. Smith 15). To umo\u017e\u0148uje \u010dten\u00e1\u0159\u016fm snadno vyhledat zdroj v seznamu citovan\u00fdch prac\u00ed.<\/li>\n\n\n\n<li><strong>Str\u00e1nka s citovan\u00fdmi pracemi<\/strong>: Na konci dokumentu je uveden \u00fapln\u00fd seznam v\u0161ech citovan\u00fdch zdroj\u016f, form\u00e1tovan\u00fd se z\u00e1v\u011bsnou odr\u00e1\u017ekou. Polo\u017eky jsou \u0159azeny abecedn\u011b podle p\u0159\u00edjmen\u00ed autora.<\/li>\n<\/ul>\n<\/li>\n\n\n\n<li><strong>Z\u00e1kladn\u00ed form\u00e1t pro knihy<\/strong>: P\u0159\u00edjmen\u00ed autora, jm\u00e9no. <em>N\u00e1zev knihy<\/em>. Vydavatel, rok vyd\u00e1n\u00ed.\n<ul>\n<li><strong>P\u0159\u00edklad<\/strong>: Smith, John. <em>Um\u011bn\u00ed ps\u00e1t<\/em>. Penguin Books, 2020.<\/li>\n<\/ul>\n<\/li>\n<\/ul>\n\n\n\n<h4>P\u0159ehled stylu APA (Americk\u00e9 psychologick\u00e9 asociace)<\/h4>\n\n\n\n<ul>\n<li><strong>\u00da\u010del<\/strong>: \u0160iroce se pou\u017e\u00edv\u00e1 ve spole\u010densk\u00fdch v\u011bd\u00e1ch, jako je psychologie, sociologie, vzd\u011bl\u00e1v\u00e1n\u00ed a obchod. APA klade d\u016fraz na datum vyd\u00e1n\u00ed, co\u017e odr\u00e1\u017e\u00ed d\u016fle\u017eitost aktu\u00e1ln\u00edho v\u00fdzkumu.<\/li>\n\n\n\n<li><strong>Kl\u00ed\u010dov\u00e9 vlastnosti<\/strong>:\n<ul>\n<li><strong>Citace v textu<\/strong>: Pou\u017e\u00edv\u00e1 form\u00e1t autor-datum. Citace obsahuje p\u0159\u00edjmen\u00ed autora a rok vyd\u00e1n\u00ed odd\u011blen\u00fd \u010d\u00e1rkou (nap\u0159. Smith, 2020). U p\u0159\u00edm\u00fdch citac\u00ed se uv\u00e1d\u00ed tak\u00e9 \u010d\u00edslo str\u00e1nky (nap\u0159. Smith, 2020, s. 15).<\/li>\n\n\n\n<li><strong>Referen\u010dn\u00ed seznam<\/strong>: Na konci dokumentu je uveden podrobn\u00fd seznam odkaz\u016f, jeho\u017e polo\u017eky jsou form\u00e1tov\u00e1ny se z\u00e1v\u011bsnou odr\u00e1\u017ekou. Tento seznam je nadeps\u00e1n \"Reference\" a je uspo\u0159\u00e1d\u00e1n abecedn\u011b podle p\u0159\u00edjmen\u00ed autora.<\/li>\n<\/ul>\n<\/li>\n\n\n\n<li><strong>Z\u00e1kladn\u00ed form\u00e1t pro knihy<\/strong>: Autor, A. A. (Rok vyd\u00e1n\u00ed). <em>N\u00e1zev pr\u00e1ce: Velk\u00e9 p\u00edsmeno i pro podn\u00e1zev<\/em>. Vydavatel.\n<ul>\n<li><strong>P\u0159\u00edklad<\/strong>: Smith, J. (2020). <em>Psychologie u\u010den\u00ed: P\u0159ehled<\/em>. Academic Press.<\/li>\n<\/ul>\n<\/li>\n<\/ul>\n\n\n\n<h4>P\u0159ehled Chicagsk\u00e9 p\u0159\u00edru\u010dky stylu<\/h4>\n\n\n\n<ul>\n<li><strong>\u00da\u010del<\/strong>: Pou\u017e\u00edv\u00e1 se v r\u016fzn\u00fdch oborech, zejm\u00e9na v historii, obchodu a v\u00fdtvarn\u00e9m um\u011bn\u00ed. Chicago nab\u00edz\u00ed dva dokumenta\u010dn\u00ed syst\u00e9my: Pozn\u00e1mky a bibliografie a Autor-Data.<\/li>\n\n\n\n<li><strong>Kl\u00ed\u010dov\u00e9 vlastnosti<\/strong>:\n<ul>\n<li><strong>Pozn\u00e1mky a bibliografie<\/strong>: Tento styl, \u010dasto pou\u017e\u00edvan\u00fd v humanitn\u00edch v\u011bd\u00e1ch, pou\u017e\u00edv\u00e1 pozn\u00e1mky pod \u010darou nebo pozn\u00e1mky na konci textu, kter\u00e9 uv\u00e1d\u011bj\u00ed podrobn\u00e9 informace o ka\u017ed\u00e9m zdroji. Na konci je uvedena odpov\u00eddaj\u00edc\u00ed bibliografie.<\/li>\n\n\n\n<li><strong>Autor-datum<\/strong>: Tento form\u00e1t je b\u011b\u017en\u011bj\u0161\u00ed v p\u0159\u00edrodn\u00edch a spole\u010densk\u00fdch v\u011bd\u00e1ch a podobn\u011b jako APA obsahuje citace v z\u00e1vorce s p\u0159\u00edjmen\u00edm autora a rokem vyd\u00e1n\u00ed.<\/li>\n<\/ul>\n<\/li>\n\n\n\n<li><strong>Z\u00e1kladn\u00ed form\u00e1t pro knihy<\/strong>: P\u0159\u00edjmen\u00ed autora, jm\u00e9no. <em>N\u00e1zev knihy<\/em>. M\u00edsto vyd\u00e1n\u00ed: M\u00edsto vyd\u00e1n\u00ed: Vydavatel, Rok vyd\u00e1n\u00ed.\n<ul>\n<li><strong>P\u0159\u00edklad (pozn\u00e1mka pod \u010darou)<\/strong>: John Smith, <em>Historie v perspektiv\u011b<\/em> (Chicago: University of Chicago Press, 2020), 45.<\/li>\n\n\n\n<li><strong>P\u0159\u00edklad bibliografie<\/strong>: Smith, John. <em>Historie v perspektiv\u011b<\/em>. Chicago: Chicago: University of Chicago Press, 2020.<\/li>\n<\/ul>\n<\/li>\n<\/ul>\n\n\n\n<h3>Jak zvolit spr\u00e1vn\u00fd styl citov\u00e1n\u00ed knihy<\/h3>\n\n\n\n<p>P\u0159i rozhodov\u00e1n\u00ed, jak citovat knihu, je t\u0159eba zvolit spr\u00e1vn\u00fd cita\u010dn\u00ed styl, kter\u00fd zajist\u00ed p\u0159ehlednost, konzistenci a soulad s akademick\u00fdmi standardy. Zde je n\u011bkolik kl\u00ed\u010dov\u00fdch \u00favah, kter\u00e9 v\u00e1m pomohou p\u0159i v\u00fdb\u011bru:<\/p>\n\n\n\n<figure class=\"wp-block-image alignwide size-full\"><a href=\"https:\/\/mindthegraph.com\/science-figures\/?utm_source=blog&amp;utm_medium=cta-final&amp;utm_campaign=conversion\"><img decoding=\"async\" loading=\"lazy\" width=\"651\" height=\"174\" src=\"https:\/\/mindthegraph.com\/blog\/wp-content\/uploads\/2024\/07\/mind-the-graph.png\" alt=\"Logo Mind the Graph, kter\u00e9 p\u0159edstavuje platformu pro v\u011bdeck\u00e9 ilustrace a designov\u00e9 n\u00e1stroje pro v\u00fdzkumn\u00e9 pracovn\u00edky a pedagogy.\" class=\"wp-image-54844\" srcset=\"https:\/\/mindthegraph.com\/blog\/wp-content\/uploads\/2024\/07\/mind-the-graph.png 651w, https:\/\/mindthegraph.com\/blog\/wp-content\/uploads\/2024\/07\/mind-the-graph-300x80.png 300w, https:\/\/mindthegraph.com\/blog\/wp-content\/uploads\/2024\/07\/mind-the-graph-18x5.png 18w, https:\/\/mindthegraph.com\/blog\/wp-content\/uploads\/2024\/07\/mind-the-graph-100x27.png 100w\" sizes=\"(max-width: 651px) 100vw, 651px\" \/><\/a><figcaption class=\"wp-element-caption\"><a href=\"https:\/\/mindthegraph.com\/science-figures\/?utm_source=blog&amp;utm_medium=cta-final&amp;utm_campaign=conversion\">Mind the Graph<\/a> - V\u011bdeck\u00e9 ilustrace a designov\u00e1 platforma.<\/figcaption><\/figure>\n\n\n\n<h4>\u00davahy zalo\u017een\u00e9 na discipl\u00edn\u011b<\/h4>\n\n\n\n<p>R\u016fzn\u00e9 akademick\u00e9 obory \u010dasto up\u0159ednost\u0148uj\u00ed specifick\u00e9 cita\u010dn\u00ed styly vzhledem k povaze sv\u00e9ho v\u00fdzkumu a zp\u016fsobu psan\u00ed. Porozum\u011bn\u00ed konvenc\u00edm va\u0161eho oboru v\u00e1m pom\u016f\u017ee zvolit spr\u00e1vn\u00fd styl:<\/p>\n\n\n\n<ol>\n<li><strong>Humanitn\u00ed v\u011bdy<\/strong>:\n<ul>\n<li><strong>Preferovan\u00fd styl<\/strong>: MLA (Modern Language Association)<\/li>\n\n\n\n<li><strong>Zam\u011b\u0159en\u00ed<\/strong>: Klade d\u016fraz na autorstv\u00ed a d\u00edlo samotn\u00e9, co\u017e je ide\u00e1ln\u00ed pro literaturu, filozofii a kulturn\u00ed studia. Styl vyb\u00edz\u00ed k pozorn\u00e9mu \u010dten\u00ed a anal\u00fdze textu, co\u017e je v souladu s c\u00edli t\u011bchto obor\u016f.<\/li>\n<\/ul>\n<\/li>\n\n\n\n<li><strong>Spole\u010densk\u00e9 v\u011bdy<\/strong>:\n<ul>\n<li><strong>Preferovan\u00fd styl<\/strong>: APA (Americk\u00e1 psychologick\u00e1 asociace)<\/li>\n\n\n\n<li><strong>Zam\u011b\u0159en\u00ed<\/strong>: Up\u0159ednost\u0148uje datum vyd\u00e1n\u00ed, co\u017e odr\u00e1\u017e\u00ed v\u00fdznam aktu\u00e1ln\u00edho v\u00fdzkumu v oblastech, jako je psychologie, sociologie a vzd\u011bl\u00e1v\u00e1n\u00ed. Styl APA klade d\u016fraz na empirick\u00e9 studie a aktu\u00e1lnost zdroj\u016f, tak\u017ee je vhodn\u00fd pro v\u00fdzkum, kter\u00fd se rychle vyv\u00edj\u00ed.<\/li>\n<\/ul>\n<\/li>\n\n\n\n<li><strong>Historie a v\u00fdtvarn\u00e9 um\u011bn\u00ed<\/strong>:\n<ul>\n<li><strong>Preferovan\u00fd styl<\/strong>: Chicago Manual of Style<\/li>\n\n\n\n<li><strong>Zam\u011b\u0159en\u00ed<\/strong>: Nab\u00edz\u00ed flexibilitu d\u00edky dv\u011bma dokumenta\u010dn\u00edm syst\u00e9m\u016fm (Pozn\u00e1mky a bibliografie a Autor-Datum). Chicagsk\u00fd syst\u00e9m je obl\u00edben\u00fd v oborech, kter\u00e9 vy\u017eaduj\u00ed podrobn\u00e9 citace, jako je historie a um\u011bn\u00ed, kde jsou \u010dasto nutn\u00e9 rozs\u00e1hl\u00e9 koment\u00e1\u0159e a odkazy na prim\u00e1rn\u00ed zdroje.<\/li>\n<\/ul>\n<\/li>\n\n\n\n<li><strong>Obchod a ekonomika<\/strong>:\n<ul>\n<li><strong>Preferovan\u00fd styl<\/strong>: \u010casto se pou\u017e\u00edv\u00e1 APA nebo Chicago, v z\u00e1vislosti na zam\u011b\u0159en\u00ed v\u00fdzkumu.<\/li>\n\n\n\n<li><strong>Zam\u011b\u0159en\u00ed<\/strong>: Klade d\u016fraz jak na empirick\u00e9 d\u016fkazy, tak na podrobn\u00fd historick\u00fd kontext, tak\u017ee v\u00fdb\u011br cita\u010dn\u00edho stylu z\u00e1vis\u00ed na konkr\u00e9tn\u00ed povaze pr\u00e1ce.<\/li>\n<\/ul>\n<\/li>\n<\/ol>\n\n\n\n<h4>Institucion\u00e1ln\u00ed nebo publika\u010dn\u00ed pokyny<\/h4>\n\n\n\n<p>Krom\u011b oborov\u00fdch norem \u010dasto ur\u010duj\u00ed styl citov\u00e1n\u00ed i konkr\u00e9tn\u00ed institucion\u00e1ln\u00ed nebo publika\u010dn\u00ed pokyny. Zde je n\u011bkolik kl\u00ed\u010dov\u00fdch doporu\u010den\u00ed:<\/p>\n\n\n\n<ol>\n<li><strong>Po\u017eadavky na instruktora<\/strong>:\n<ul>\n<li>Mnoho vyu\u010duj\u00edc\u00edch uv\u00e1d\u00ed preferovan\u00fd styl citov\u00e1n\u00ed v sylabu kurzu nebo v pokynech k zad\u00e1n\u00ed. Tyto po\u017eadavky v\u017edy dodr\u017eujte, proto\u017ee dodr\u017een\u00ed preferenc\u00ed vyu\u010duj\u00edc\u00edho je pro z\u00edsk\u00e1n\u00ed z\u00e1po\u010dtu kl\u00ed\u010dov\u00e9.<\/li>\n<\/ul>\n<\/li>\n\n\n\n<li><strong>Z\u00e1sady odd\u011blen\u00ed<\/strong>:\n<ul>\n<li>N\u011bkter\u00e1 akademick\u00e1 pracovi\u0161t\u011b maj\u00ed stanoveny pokyny pro cita\u010dn\u00ed styly, kter\u00e9 plat\u00ed pro v\u0161echny studenty a vyu\u010duj\u00edc\u00ed. Ov\u011b\u0159te si na kated\u0159e, zda tyto normy dodr\u017eujete.<\/li>\n<\/ul>\n<\/li>\n\n\n\n<li><strong>Publika\u010dn\u00ed standardy<\/strong>:\n<ul>\n<li>\u010casopisy a vydavatel\u00e9 maj\u00ed p\u0159i odes\u00edl\u00e1n\u00ed prac\u00ed k publikaci \u010dasto specifick\u00e9 pokyny pro form\u00e1tov\u00e1n\u00ed a styl citov\u00e1n\u00ed. Seznamte se s t\u011bmito pokyny, abyste zv\u00fd\u0161ili pravd\u011bpodobnost, \u017ee va\u0161e pr\u00e1ce bude p\u0159ijata.<\/li>\n<\/ul>\n<\/li>\n\n\n\n<li><strong>Konzistence a p\u0159ehlednost<\/strong>:\n<ul>\n<li>Bez ohledu na zvolen\u00fd styl je d\u016fle\u017eit\u00e9 zachovat konzistenci cel\u00e9 pr\u00e1ce. Pe\u010dliv\u011b dodr\u017eujte pravidla zvolen\u00e9ho stylu, abyste zv\u00fd\u0161ili jasnost a profesionalitu sv\u00e9ho psan\u00ed.<\/li>\n<\/ul>\n<\/li>\n\n\n\n<li><strong>P\u0159\u00edstup ke zdroj\u016fm<\/strong>:\n<ul>\n<li>N\u011bkter\u00e9 cita\u010dn\u00ed styly mohou m\u00edt k dispozici v\u00edce zdroj\u016f (nap\u0159\u00edklad n\u00e1stroje pro spr\u00e1vu citac\u00ed, pr\u016fvodce styly a online datab\u00e1ze) ne\u017e jin\u00e9. Zva\u017ete tuto dostupnost p\u0159i v\u00fdb\u011bru stylu, proto\u017ee v\u00e1m m\u016f\u017ee usnadnit proces psan\u00ed a citov\u00e1n\u00ed.<\/li>\n<\/ul>\n<\/li>\n<\/ol>\n\n\n\n<h2>Kl\u00ed\u010dov\u00e9 prvky pro spr\u00e1vn\u00e9 citov\u00e1n\u00ed knihy<\/h2>\n\n\n\n<p>Zvl\u00e1dnut\u00ed citov\u00e1n\u00ed knihy vy\u017eaduje pochopen\u00ed kl\u00ed\u010dov\u00fdch prvk\u016f citace, jako je jm\u00e9no autora, n\u00e1zev knihy a \u00fadaje o publikaci. Obecn\u011b je vy\u017eadov\u00e1no n\u011bkolik kl\u00ed\u010dov\u00fdch prvk\u016f, kter\u00e9 zajist\u00ed spr\u00e1vn\u00e9 uveden\u00ed zdroje a umo\u017en\u00ed \u010dten\u00e1\u0159\u016fm jeho vyhled\u00e1n\u00ed. I kdy\u017e se konkr\u00e9tn\u00ed form\u00e1tov\u00e1n\u00ed m\u016f\u017ee li\u0161it v z\u00e1vislosti na cita\u010dn\u00edm stylu, z\u00e1kladn\u00ed sou\u010d\u00e1sti z\u016fst\u00e1vaj\u00ed ve stylech MLA, APA a Chicago do zna\u010dn\u00e9 m\u00edry shodn\u00e9. N\u00ed\u017ee jsou uvedeny z\u00e1kladn\u00ed prvky, kter\u00e9 je t\u0159eba zahrnout do citace knihy:<\/p>\n\n\n\n<h3>Z\u00e1kladn\u00ed sou\u010d\u00e1sti<\/h3>\n\n\n\n<h4>Jm\u00e9no autora<\/h4>\n\n\n\n<ul>\n<li><strong>Popis<\/strong>: Jm\u00e9no autora je d\u016fle\u017eit\u00fdm prvkem, proto\u017ee p\u0159i\u0159azuje d\u00edlo jednotlivci nebo skupin\u011b, kter\u00e1 je za jeho obsah zodpov\u011bdn\u00e1. Pom\u00e1h\u00e1 \u010dten\u00e1\u0159\u016fm identifikovat zdroj a posoudit d\u016fv\u011bryhodnost autora.<\/li>\n\n\n\n<li><strong>Form\u00e1t<\/strong>:\n<ul>\n<li><strong>MLA<\/strong>: Za p\u0159\u00edjmen\u00edm autora n\u00e1sleduje \u010d\u00e1rka a jm\u00e9no. Pokud je autor\u016f v\u00edce, je jm\u00e9no prvn\u00edho autora invertov\u00e1no (P\u0159\u00edjmen\u00ed, Jm\u00e9no), zat\u00edmco dal\u0161\u00ed auto\u0159i jsou \u0159azeni norm\u00e1ln\u011b (Jm\u00e9no P\u0159\u00edjmen\u00ed).<\/li>\n\n\n\n<li><strong>APA<\/strong>: Za p\u0159\u00edjmen\u00edm autora n\u00e1sleduje \u010d\u00e1rka a prvn\u00ed inici\u00e1ly. Pokud je autor\u016f v\u00edce, uve\u010fte je pomoc\u00ed ampersandu (&amp;) p\u0159ed posledn\u00edm jm\u00e9nem autora.<\/li>\n\n\n\n<li><strong>Chicago<\/strong>: Jm\u00e9no autora je uvedeno ve standardn\u00edm form\u00e1tu, za jm\u00e9nem n\u00e1sleduje p\u0159\u00edjmen\u00ed. U v\u00edce autor\u016f odd\u011blujte jm\u00e9na \u010d\u00e1rkami a p\u0159ed posledn\u00edm jm\u00e9nem autora pou\u017eijte \"a\".<\/li>\n<\/ul>\n<\/li>\n\n\n\n<li><strong>P\u0159\u00edklad<\/strong>:\n<ul>\n<li><strong>MLA<\/strong>: Smith, John.<\/li>\n\n\n\n<li><strong>APA<\/strong>: Smith, J.<\/li>\n\n\n\n<li><strong>Chicago<\/strong>: John Smith.<\/li>\n<\/ul>\n<\/li>\n<\/ul>\n\n\n\n<h4>N\u00e1zev knihy<\/h4>\n\n\n\n<ul>\n<li><strong>Popis<\/strong>: N\u00e1zev knihy poskytuje \u010dten\u00e1\u0159i informace o jej\u00edm obsahu. Je nezbytn\u00e9 jej spr\u00e1vn\u011b prezentovat, aby byla zachov\u00e1na odbornost citace a dodr\u017eeny stylistick\u00e9 z\u00e1sady.<\/li>\n\n\n\n<li><strong>Form\u00e1t<\/strong>:\n<ul>\n<li><strong>MLA<\/strong>: N\u00e1zev se p\u00ed\u0161e kurz\u00edvou a hlavn\u00ed slova velk\u00fdmi p\u00edsmeny.<\/li>\n\n\n\n<li><strong>APA<\/strong>: N\u00e1zev je ps\u00e1n kurz\u00edvou. Velk\u00fdm p\u00edsmenem se p\u00ed\u0161e pouze po\u010d\u00e1te\u010dn\u00ed slovo n\u00e1zvu, prvn\u00ed slovo p\u0159\u00edpadn\u00e9ho podn\u00e1zvu a v\u0161echna vlastn\u00ed podstatn\u00e1 jm\u00e9na.<\/li>\n\n\n\n<li><strong>Chicago<\/strong>: N\u00e1zev se p\u00ed\u0161e kurz\u00edvou a hlavn\u00ed slova velk\u00fdmi p\u00edsmeny.<\/li>\n<\/ul>\n<\/li>\n\n\n\n<li><strong>P\u0159\u00edklad<\/strong>:\n<ul>\n<li><strong>MLA<\/strong>: <em>Um\u011bn\u00ed ps\u00e1t<\/em>.<\/li>\n\n\n\n<li><strong>APA<\/strong>: <em>Psychologie u\u010den\u00ed: P\u0159ehled<\/em>.<\/li>\n\n\n\n<li><strong>Chicago<\/strong>: <em>Historie v perspektiv\u011b<\/em>.<\/li>\n<\/ul>\n<\/li>\n<\/ul>\n\n\n\n<h4>Podrobnosti o publikaci<\/h4>\n\n\n\n<ul>\n<li><strong>Popis<\/strong>: \u00dadaje o vyd\u00e1n\u00ed zahrnuj\u00ed informace o tom, kde a k\u00fdm byla kniha vyd\u00e1na, a tak\u00e9 rok vyd\u00e1n\u00ed. Tyto informace pom\u00e1haj\u00ed \u010dten\u00e1\u0159\u016fm naj\u00edt zdroj a poskytuj\u00ed kontext d\u00edla.<\/li>\n\n\n\n<li><strong>Form\u00e1t<\/strong>:\n<ul>\n<li><strong>MLA<\/strong>: Uve\u010fte n\u00e1zev vydavatele, za kter\u00fdm n\u00e1sleduje \u010d\u00e1rka a rok vyd\u00e1n\u00ed.<\/li>\n\n\n\n<li><strong>APA<\/strong>: Uv\u00e1d\u00ed se n\u00e1zev vydavatele, vynech\u00e1vaj\u00ed se v\u00fdrazy jako \"Company\", \"Inc.\" nebo \"Ltd.\". Rok vyd\u00e1n\u00ed se uv\u00e1d\u00ed v z\u00e1vorce za jm\u00e9nem autora.<\/li>\n\n\n\n<li><strong>Chicago<\/strong>: Za n\u00e1zvem nakladatele n\u00e1sleduje m\u00edsto vyd\u00e1n\u00ed, dvojte\u010dka a jm\u00e9no nakladatele, pot\u00e9 rok vyd\u00e1n\u00ed.<\/li>\n<\/ul>\n<\/li>\n\n\n\n<li><strong>P\u0159\u00edklad<\/strong>:\n<ul>\n<li><strong>MLA<\/strong>: Penguin Books, 2020.<\/li>\n\n\n\n<li><strong>APA<\/strong>: Academic Press.<\/li>\n\n\n\n<li><strong>Chicago<\/strong>: University of Chicago Press, 2020.<\/li>\n<\/ul>\n<\/li>\n<\/ul>\n\n\n\n<h3>Podrobnosti o autorovi<\/h3>\n\n\n\n<p>P\u0159esn\u00e9 uveden\u00ed autora je v akademick\u00e9m psan\u00ed z\u00e1sadn\u00ed, proto\u017ee vyjad\u0159uje uzn\u00e1n\u00ed tv\u016frc\u016fm d\u00edla a umo\u017e\u0148uje \u010dten\u00e1\u0159\u016fm vyhledat p\u016fvodn\u00ed zdroje. N\u00ed\u017ee jsou uvedeny pokyny pro uv\u00e1d\u011bn\u00ed autor\u016f, v\u010detn\u011b toho, jak postupovat u jednoho a v\u00edce autor\u016f a jak uv\u00e1d\u011bt editory a p\u0159ekladatele.<\/p>\n\n\n\n<h4>Pr\u00e1ce s jedn\u00edm a v\u00edce autory<\/h4>\n\n\n\n<ul>\n<li><strong>Jednotliv\u00fd autor<\/strong>:\n<ul>\n<li><strong>Popis<\/strong>: U prac\u00ed, jejich\u017e autorem je jedna osoba, by m\u011blo b\u00fdt jm\u00e9no autora uvedeno v souladu s pou\u017eit\u00fdm cita\u010dn\u00edm stylem.<\/li>\n\n\n\n<li><strong>Form\u00e1t<\/strong>:\n<ul>\n<li><strong>MLA<\/strong>: P\u0159\u00edjmen\u00ed, jm\u00e9no.<\/li>\n\n\n\n<li><strong>APA<\/strong>: P\u0159\u00edjmen\u00ed, k\u0159estn\u00ed inici\u00e1ly.<\/li>\n\n\n\n<li><strong>Chicago<\/strong>: Jm\u00e9no P\u0159\u00edjmen\u00ed.<\/li>\n<\/ul>\n<\/li>\n\n\n\n<li><strong>P\u0159\u00edklad<\/strong>:\n<ul>\n<li><strong>MLA<\/strong>: Smith, John.<\/li>\n\n\n\n<li><strong>APA<\/strong>: Smith, J.<\/li>\n\n\n\n<li><strong>Chicago<\/strong>: John Smith.<\/li>\n\n\n\n<li><strong>Chicago<\/strong>: John Smith a Jane Doe.<\/li>\n<\/ul>\n<\/li>\n<\/ul>\n<\/li>\n\n\n\n<li><strong>V\u00edce autor\u016f<\/strong>:\n<ul>\n<li><strong>Popis<\/strong>: U knih s v\u00edce ne\u017e jedn\u00edm autorem se form\u00e1t citace m\u011bn\u00ed podle po\u010dtu autor\u016f.<\/li>\n\n\n\n<li><strong>Dva auto\u0159i<\/strong>:<\/li>\n<\/ul>\n<\/li>\n<\/ul>\n\n\n\n<ul>\n<li><strong>Form\u00e1t<\/strong>:\n<ul>\n<li><strong>MLA<\/strong>: Uve\u010fte oba autory v po\u0159ad\u00ed, v jak\u00e9m se objevuj\u00ed, a p\u0159ed posledn\u00edm jm\u00e9nem autora pou\u017eijte \"a\".<\/li>\n\n\n\n<li><strong>APA<\/strong>: Uve\u010fte oba autory odd\u011blen\u00e9 ampersandem (&amp;).<\/li>\n\n\n\n<li><strong>Chicago<\/strong>: Uve\u010fte oba autory v po\u0159ad\u00ed, v jak\u00e9m se objevuj\u00ed, a p\u0159ed posledn\u00edm jm\u00e9nem autora pou\u017eijte \"a\".<\/li>\n<\/ul>\n<\/li>\n\n\n\n<li><strong>P\u0159\u00edklad<\/strong>:\n<ul>\n<li><strong>MLA<\/strong>: Smith, John a Jane Doe.<\/li>\n\n\n\n<li><strong>APA<\/strong>: Smith, J., &amp; Doe, J.<\/li>\n<\/ul>\n<\/li>\n\n\n\n<li><strong>T\u0159i a v\u00edce autor\u016f<\/strong>:<\/li>\n<\/ul>\n\n\n\n<ul>\n<li><strong>Form\u00e1t<\/strong>:\n<ul>\n<li><strong>MLA<\/strong>: Uve\u010fte jm\u00e9no prvn\u00edho autora, za kter\u00fdm n\u00e1sleduje \"et al.\".<\/li>\n\n\n\n<li><strong>APA<\/strong>: Za prvn\u00ed citac\u00ed uve\u010fte jm\u00e9no prvn\u00edho autora a \"et al.\".<\/li>\n\n\n\n<li><strong>Chicago<\/strong>: Uve\u010fte jm\u00e9no prvn\u00edho autora, za kter\u00fdm n\u00e1sleduje \"et al.\".<\/li>\n<\/ul>\n<\/li>\n\n\n\n<li><strong>P\u0159\u00edklad<\/strong>:\n<ul>\n<li><strong>MLA<\/strong>: Smith, John a kol.<\/li>\n\n\n\n<li><strong>APA<\/strong>: Smith, J. a kol.<\/li>\n\n\n\n<li><strong>Chicago<\/strong>: John Smith a kol.<\/li>\n<\/ul>\n<\/li>\n<\/ul>\n\n\n\n<h4>&nbsp;Redaktor nebo p\u0159ekladatel<\/h4>\n\n\n\n<ul>\n<li><strong>Editor<\/strong>:\n<ul>\n<li><strong>Popis<\/strong>: Pokud knihu rediguje jeden nebo v\u00edce jednotlivc\u016f, je d\u016fle\u017eit\u00e9 uv\u00e9st v citaci jm\u00e9no editora (editor\u016f), aby byla uzn\u00e1na jejich \u00faloha p\u0159i tvorb\u011b d\u00edla.<\/li>\n\n\n\n<li><strong>Form\u00e1t<\/strong>:\n<ul>\n<li><strong>MLA<\/strong>: Pou\u017eijte \"edited by\", za kter\u00fdm n\u00e1sleduje jm\u00e9no editora.<\/li>\n\n\n\n<li><strong>APA<\/strong>: Pro v\u00edce editor\u016f pou\u017eijte \"Eds.\" a pro jednoho editora \"Ed.\".<\/li>\n\n\n\n<li><strong>Chicago<\/strong>: Pou\u017eijte \"edited by\", za kter\u00fdm n\u00e1sleduje jm\u00e9no editora.<\/li>\n<\/ul>\n<\/li>\n\n\n\n<li><strong>P\u0159\u00edklad<\/strong>:\n<ul>\n<li><strong>MLA<\/strong>: <em>N\u00e1zev knihy<\/em>, kterou upravil John Smith.<\/li>\n\n\n\n<li><strong>APA<\/strong>: <em>N\u00e1zev knihy<\/em> (J. Smith, Ed.).<\/li>\n\n\n\n<li><strong>Chicago<\/strong>: <em>N\u00e1zev knihy<\/em>, kterou upravil John Smith.<\/li>\n<\/ul>\n<\/li>\n<\/ul>\n<\/li>\n\n\n\n<li><strong>P\u0159ekladatel<\/strong>:\n<ul>\n<li><strong>Popis<\/strong>: P\u0159i citov\u00e1n\u00ed p\u0159elo\u017een\u00e9ho d\u00edla je nezbytn\u00e9 uv\u00e9st p\u0159ekladatele, aby byl uzn\u00e1n jeho p\u0159\u00ednos ke zp\u0159\u00edstupn\u011bn\u00ed d\u00edla v jin\u00e9m jazyce.<\/li>\n\n\n\n<li><strong>Form\u00e1t<\/strong>:\n<ul>\n<li><strong>MLA<\/strong>: Pou\u017eijte \"translated by\", za kter\u00fdm n\u00e1sleduje jm\u00e9no p\u0159ekladatele.<\/li>\n\n\n\n<li><strong>APA<\/strong>: Pro inici\u00e1ly a p\u0159\u00edjmen\u00ed p\u0159ekladatele pou\u017eijte \"Trans.\".<\/li>\n\n\n\n<li><strong>Chicago<\/strong>: Pou\u017eijte \"translated by\", za kter\u00fdm n\u00e1sleduje jm\u00e9no p\u0159ekladatele.<\/li>\n<\/ul>\n<\/li>\n\n\n\n<li><strong>P\u0159\u00edklad<\/strong>:\n<ul>\n<li><strong>MLA<\/strong>: <em>N\u00e1zev knihy<\/em>, p\u0159elo\u017eila Jane Doe.<\/li>\n\n\n\n<li><strong>APA<\/strong>: <em>N\u00e1zev knihy<\/em> (J. Doe, Trans.).<\/li>\n\n\n\n<li><strong>Chicago<\/strong>: <em>N\u00e1zev knihy<\/em>, p\u0159elo\u017eila Jane Doe.<\/li>\n<\/ul>\n<\/li>\n<\/ul>\n<\/li>\n<\/ul>\n\n\n\n<h3>Souhrn form\u00e1t\u016f citac\u00ed<\/h3>\n\n\n\n<figure class=\"wp-block-table\"><table><tbody><tr><td><strong>Prvek<\/strong><\/td><td><strong>Form\u00e1t MLA<\/strong><\/td><td><strong>Form\u00e1t APA<\/strong><\/td><td><strong>Form\u00e1t Chicago<\/strong><\/td><\/tr><tr><td>Autor<\/td><td>P\u0159\u00edjmen\u00ed, jm\u00e9no.<\/td><td>P\u0159\u00edjmen\u00ed, k\u0159estn\u00ed inici\u00e1ly.<\/td><td>P\u0159\u00edjmen\u00ed, jm\u00e9no.<\/td><\/tr><tr><td>N\u00e1zev<\/td><td><em>N\u00e1zev knihy.<\/em><\/td><td><em>N\u00e1zev pr\u00e1ce: Prvn\u00ed p\u00edsmeno podtitulu pi\u0161te tak\u00e9 s velk\u00fdm po\u010d\u00e1te\u010dn\u00edm p\u00edsmenem.<\/em><\/td><td><em>N\u00e1zev knihy.<\/em><\/td><\/tr><tr><td>Vydavatel<\/td><td>N\u00e1zev vydavatele.<\/td><td>N\u00e1zev vydavatele.<\/td><td>N\u00e1zev vydavatele,<\/td><\/tr><tr><td>Rok vyd\u00e1n\u00ed<\/td><td>Rok vyd\u00e1n\u00ed.<\/td><td>(rok vyd\u00e1n\u00ed).<\/td><td>Rok vyd\u00e1n\u00ed,<\/td><\/tr><tr><td>Vyd\u00e1n\u00ed (pokud se vztahuje)<\/td><td>Edice.<\/td><td>(X. vyd\u00e1n\u00ed).<\/td><td>Vyd\u00e1n\u00ed.<\/td><\/tr><tr><td>\u010c\u00edsla str\u00e1nek<\/td><td>p. # nebo str. #s.<\/td><td>p. # nebo str. #s.<\/td><td>p. # nebo str. #s.<\/td><\/tr><\/tbody><\/table><figcaption class=\"wp-element-caption\">Souhrn form\u00e1t\u016f citac\u00ed: Stru\u010dn\u00fd pr\u016fvodce styly MLA, APA a Chicago.<\/figcaption><\/figure>\n\n\n\n<h2>Va\u0161e v\u00fdtvory p\u0159ipraven\u00e9 b\u011bhem n\u011bkolika minut<\/h2>\n\n\n\n<p><a href=\"https:\/\/mindthegraph.com\/science-figures\/?utm_source=blog&amp;utm_medium=cta-final&amp;utm_campaign=conversion\">Mind the Graph<\/a> je cenn\u00fdm n\u00e1strojem pro v\u011bdce, kte\u0159\u00ed cht\u011bj\u00ed zlep\u0161it sv\u00e9 vizu\u00e1ln\u00ed komunika\u010dn\u00ed dovednosti. D\u00edky intuitivn\u00edmu rozhran\u00ed, p\u0159izp\u016fsobiteln\u00fdm \u0161ablon\u00e1m a rozs\u00e1hl\u00fdm zdroj\u016fm umo\u017e\u0148uje Mind the Graph v\u011bdc\u016fm rychle vytv\u00e1\u0159et p\u0159esv\u011bd\u010div\u00e9 grafick\u00e9 prvky, co\u017e v kone\u010dn\u00e9m d\u016fsledku p\u0159isp\u00edv\u00e1 k \u0161\u00ed\u0159en\u00ed a dopadu v\u011bdeck\u00fdch poznatk\u016f.<\/p>\n\n\n\n<figure class=\"wp-block-image size-full\"><a href=\"https:\/\/mindthegraph.com\/science-figures\/?utm_source=blog&amp;utm_medium=cta-final&amp;utm_campaign=conversion\"><img decoding=\"async\" loading=\"lazy\" width=\"1362\" height=\"900\" src=\"https:\/\/mindthegraph.com\/blog\/wp-content\/uploads\/2023\/09\/mtg-80-plus-fields.gif\" alt=\"&quot;Animovan\u00fd GIF zobrazuj\u00edc\u00ed v\u00edce ne\u017e 80 v\u011bdeck\u00fdch obor\u016f dostupn\u00fdch na Mind the Graph, v\u010detn\u011b biologie, chemie, fyziky a medic\u00edny, co\u017e ilustruje v\u0161estrannost platformy pro v\u00fdzkumn\u00e9 pracovn\u00edky.&quot;\" class=\"wp-image-29586\"\/><\/a><figcaption class=\"wp-element-caption\">Animovan\u00fd GIF p\u0159edstavuj\u00edc\u00ed \u0161irokou \u0161k\u00e1lu v\u011bdeck\u00fdch obor\u016f, kter\u00fdmi se Mind the Graph zab\u00fdv\u00e1.<\/figcaption><\/figure>\n\n\n\n<div class=\"is-content-justification-center is-layout-flex wp-container-1 wp-block-buttons\">\n<div class=\"wp-block-button\"><a class=\"wp-block-button__link has-background wp-element-button\" href=\"https:\/\/mindthegraph.com\/science-figures\/?utm_source=blog&amp;utm_medium=cta-final&amp;utm_campaign=conversion\" style=\"background-color:#7833ff\"><strong>Za\u010dn\u011bte pou\u017e\u00edvat Mind the Graph<\/strong><\/a><\/div>\n<\/div>","protected":false},"excerpt":{"rendered":"<p>Pomoc\u00ed tohoto pr\u016fvodce styly a form\u00e1ty si osvojte spr\u00e1vn\u00e9 citov\u00e1n\u00ed knih.<\/p>","protected":false},"author":28,"featured_media":55872,"comment_status":"closed","ping_status":"closed","sticky":false,"template":"","format":"standard","meta":[],"categories":[989,961,982],"tags":[],"yoast_head":"<!-- This site is optimized with the Yoast SEO plugin v19.9 - https:\/\/yoast.com\/wordpress\/plugins\/seo\/ -->\n<title>How to Cite a Book: Simple Steps for Accurate Referencing - Mind the Graph Blog<\/title>\n<meta name=\"description\" content=\"Master how to cite a book accurately with this guide on styles and formats.\" \/>\n<meta name=\"robots\" content=\"index, follow, max-snippet:-1, max-image-preview:large, max-video-preview:-1\" \/>\n<link rel=\"canonical\" href=\"https:\/\/mindthegraph.com\/blog\/cs\/how-to-cite-a-book\/\" \/>\n<meta property=\"og:locale\" content=\"cs_CZ\" \/>\n<meta property=\"og:type\" content=\"article\" \/>\n<meta property=\"og:title\" content=\"How to Cite a Book: Simple Steps for Accurate Referencing - Mind the Graph Blog\" \/>\n<meta property=\"og:description\" content=\"Master how to cite a book accurately with this guide on styles and formats.\" \/>\n<meta property=\"og:url\" content=\"https:\/\/mindthegraph.com\/blog\/cs\/how-to-cite-a-book\/\" \/>\n<meta property=\"og:site_name\" content=\"Mind the Graph Blog\" \/>\n<meta property=\"article:published_time\" content=\"2025-01-23T17:05:08+00:00\" \/>\n<meta property=\"article:modified_time\" content=\"2025-01-23T17:05:11+00:00\" \/>\n<meta property=\"og:image\" content=\"https:\/\/mindthegraph.com\/blog\/wp-content\/uploads\/2025\/01\/how_to_cite_a_book.png\" \/>\n\t<meta property=\"og:image:width\" content=\"1124\" \/>\n\t<meta property=\"og:image:height\" content=\"613\" \/>\n\t<meta property=\"og:image:type\" content=\"image\/png\" \/>\n<meta name=\"author\" content=\"Jessica Abbadia\" \/>\n<meta name=\"twitter:card\" content=\"summary_large_image\" \/>\n<meta name=\"twitter:label1\" content=\"Written by\" \/>\n\t<meta name=\"twitter:data1\" content=\"Jessica Abbadia\" \/>\n\t<meta name=\"twitter:label2\" content=\"Est. reading time\" \/>\n\t<meta name=\"twitter:data2\" content=\"10 minutes\" \/>\n<!-- \/ Yoast SEO plugin. -->","yoast_head_json":{"title":"How to Cite a Book: Simple Steps for Accurate Referencing - Mind the Graph Blog","description":"Master how to cite a book accurately with this guide on styles and formats.","robots":{"index":"index","follow":"follow","max-snippet":"max-snippet:-1","max-image-preview":"max-image-preview:large","max-video-preview":"max-video-preview:-1"},"canonical":"https:\/\/mindthegraph.com\/blog\/cs\/how-to-cite-a-book\/","og_locale":"cs_CZ","og_type":"article","og_title":"How to Cite a Book: Simple Steps for Accurate Referencing - Mind the Graph Blog","og_description":"Master how to cite a book accurately with this guide on styles and formats.","og_url":"https:\/\/mindthegraph.com\/blog\/cs\/how-to-cite-a-book\/","og_site_name":"Mind the Graph Blog","article_published_time":"2025-01-23T17:05:08+00:00","article_modified_time":"2025-01-23T17:05:11+00:00","og_image":[{"width":1124,"height":613,"url":"https:\/\/mindthegraph.com\/blog\/wp-content\/uploads\/2025\/01\/how_to_cite_a_book.png","type":"image\/png"}],"author":"Jessica Abbadia","twitter_card":"summary_large_image","twitter_misc":{"Written by":"Jessica Abbadia","Est. reading time":"10 minutes"},"schema":{"@context":"https:\/\/schema.org","@graph":[{"@type":"WebPage","@id":"https:\/\/mindthegraph.com\/blog\/how-to-cite-a-book\/","url":"https:\/\/mindthegraph.com\/blog\/how-to-cite-a-book\/","name":"How to Cite a Book: Simple Steps for Accurate Referencing - Mind the Graph Blog","isPartOf":{"@id":"https:\/\/mindthegraph.com\/blog\/#website"},"datePublished":"2025-01-23T17:05:08+00:00","dateModified":"2025-01-23T17:05:11+00:00","author":{"@id":"https:\/\/mindthegraph.com\/blog\/#\/schema\/person\/96ecc2d785106e951f7773dc7c96d699"},"description":"Master how to cite a book accurately with this guide on styles and formats.","breadcrumb":{"@id":"https:\/\/mindthegraph.com\/blog\/how-to-cite-a-book\/#breadcrumb"},"inLanguage":"cs-CZ","potentialAction":[{"@type":"ReadAction","target":["https:\/\/mindthegraph.com\/blog\/how-to-cite-a-book\/"]}]},{"@type":"BreadcrumbList","@id":"https:\/\/mindthegraph.com\/blog\/how-to-cite-a-book\/#breadcrumb","itemListElement":[{"@type":"ListItem","position":1,"name":"Home","item":"https:\/\/mindthegraph.com\/blog\/"},{"@type":"ListItem","position":2,"name":"How to Cite a Book: Simple Steps for Accurate Referencing"}]},{"@type":"WebSite","@id":"https:\/\/mindthegraph.com\/blog\/#website","url":"https:\/\/mindthegraph.com\/blog\/","name":"Mind the Graph Blog","description":"Your science can be beautiful!","potentialAction":[{"@type":"SearchAction","target":{"@type":"EntryPoint","urlTemplate":"https:\/\/mindthegraph.com\/blog\/?s={search_term_string}"},"query-input":"required name=search_term_string"}],"inLanguage":"cs-CZ"},{"@type":"Person","@id":"https:\/\/mindthegraph.com\/blog\/#\/schema\/person\/96ecc2d785106e951f7773dc7c96d699","name":"Jessica Abbadia","image":{"@type":"ImageObject","inLanguage":"cs-CZ","@id":"https:\/\/mindthegraph.com\/blog\/#\/schema\/person\/image\/","url":"https:\/\/secure.gravatar.com\/avatar\/f477bd20199beb376b04b2fda9a2cec5?s=96&d=mm&r=g","contentUrl":"https:\/\/secure.gravatar.com\/avatar\/f477bd20199beb376b04b2fda9a2cec5?s=96&d=mm&r=g","caption":"Jessica Abbadia"},"description":"Jessica Abbadia is a lawyer that has been working in Digital Marketing since 2020, improving organic performance for apps and websites in various regions through ASO and SEO. Currently developing scientific and intellectual knowledge for the community's benefit. Jessica is an animal rights activist who enjoys reading and drinking strong coffee.","sameAs":["https:\/\/www.linkedin.com\/in\/jessica-abbadia-9b834a13b\/"],"url":"https:\/\/mindthegraph.com\/blog\/cs\/author\/jessica\/"}]}},"_links":{"self":[{"href":"https:\/\/mindthegraph.com\/blog\/cs\/wp-json\/wp\/v2\/posts\/55871"}],"collection":[{"href":"https:\/\/mindthegraph.com\/blog\/cs\/wp-json\/wp\/v2\/posts"}],"about":[{"href":"https:\/\/mindthegraph.com\/blog\/cs\/wp-json\/wp\/v2\/types\/post"}],"author":[{"embeddable":true,"href":"https:\/\/mindthegraph.com\/blog\/cs\/wp-json\/wp\/v2\/users\/28"}],"replies":[{"embeddable":true,"href":"https:\/\/mindthegraph.com\/blog\/cs\/wp-json\/wp\/v2\/comments?post=55871"}],"version-history":[{"count":1,"href":"https:\/\/mindthegraph.com\/blog\/cs\/wp-json\/wp\/v2\/posts\/55871\/revisions"}],"predecessor-version":[{"id":55873,"href":"https:\/\/mindthegraph.com\/blog\/cs\/wp-json\/wp\/v2\/posts\/55871\/revisions\/55873"}],"wp:featuredmedia":[{"embeddable":true,"href":"https:\/\/mindthegraph.com\/blog\/cs\/wp-json\/wp\/v2\/media\/55872"}],"wp:attachment":[{"href":"https:\/\/mindthegraph.com\/blog\/cs\/wp-json\/wp\/v2\/media?parent=55871"}],"wp:term":[{"taxonomy":"category","embeddable":true,"href":"https:\/\/mindthegraph.com\/blog\/cs\/wp-json\/wp\/v2\/categories?post=55871"},{"taxonomy":"post_tag","embeddable":true,"href":"https:\/\/mindthegraph.com\/blog\/cs\/wp-json\/wp\/v2\/tags?post=55871"}],"curies":[{"name":"wp","href":"https:\/\/api.w.org\/{rel}","templated":true}]}}